{"id":134084,"date":"2025-04-06T17:12:00","date_gmt":"2025-04-06T15:12:00","guid":{"rendered":"https:\/\/www.familinparis.fr\/candlelight-evenings\/"},"modified":"2026-04-30T15:57:05","modified_gmt":"2026-04-30T13:57:05","slug":"soiree-aux-chandelles-vaux-le-vincomte","status":"publish","type":"post","link":"https:\/\/www.familinparis.fr\/en\/soiree-aux-chandelles-vaux-le-vincomte\/","title":{"rendered":"Candlelight evenings in Vaux-le-Vicomte"},"content":{"rendered":"<div class=\"lazyblock-baseline-Z1OToDj wp-block-lazyblock-baseline\"><div class=\"baseline\">From May 16 to September 26, 2026 (as well as July 13)<br>2000 candles in the castle and gardens of Vaux le Vicomte  <\/div><\/div><div class=\"lazyblock-infos-pratiques-Z1M48OS wp-block-lazyblock-infos-pratiques\"><div class=\"read-more go-to\" data-goto=\"infos-sup\">\n  <a href=\"#\">\n    <span class=\"rien\">\n      <i class=\"fa fa-map-marker\"><\/i> See practical information    <\/span>\n  <\/a>\n<\/div><\/div>\n<div style=\"height:20px\" aria-hidden=\"true\" class=\"wp-block-spacer\"><\/div>\n<div class=\"wp-block-image\">\n<figure class=\"aligncenter size-large\"><a href=\"ticketmaster-fr.tm7516.net\/1rJR5R\" target=\"_blank\" rel=\"noreferrer noopener nofollow\"><img decoding=\"async\" width=\"1024\" height=\"683\" src=\"https:\/\/www.familinparis.fr\/wp-content\/uploads\/Chateaux\/vaux-le-vicomte\/Vaux-le-vicomte-soir@FamilinParis-1024x683.jpg\" alt=\"Vaux le Vicomte\" class=\"wp-image-34774\" srcset=\"https:\/\/www.familinparis.fr\/wp-content\/uploads\/Chateaux\/vaux-le-vicomte\/Vaux-le-vicomte-soir@FamilinParis-1024x683.jpg 1024w, https:\/\/www.familinparis.fr\/wp-content\/uploads\/Chateaux\/vaux-le-vicomte\/Vaux-le-vicomte-soir@FamilinParis-300x200.jpg 300w, https:\/\/www.familinparis.fr\/wp-content\/uploads\/Chateaux\/vaux-le-vicomte\/Vaux-le-vicomte-soir@FamilinParis-16x12.jpg 16w, https:\/\/www.familinparis.fr\/wp-content\/uploads\/Chateaux\/vaux-le-vicomte\/Vaux-le-vicomte-soir@FamilinParis-730x487.jpg 730w, https:\/\/www.familinparis.fr\/wp-content\/uploads\/Chateaux\/vaux-le-vicomte\/Vaux-le-vicomte-soir@FamilinParis-270x180.jpg 270w, https:\/\/www.familinparis.fr\/wp-content\/uploads\/Chateaux\/vaux-le-vicomte\/Vaux-le-vicomte-soir@FamilinParis.jpg 1200w\" sizes=\"(max-width: 1024px) 100vw, 1024px\" \/><\/a><\/figure>\n<\/div>\n<div style=\"height:17px\" aria-hidden=\"true\" class=\"wp-block-spacer\"><\/div>\n\n<div class=\"wp-block-columns is-layout-flex wp-container-core-columns-is-layout-9d6595d7 wp-block-columns-is-layout-flex\">\n<div class=\"wp-block-column is-layout-flow wp-block-column-is-layout-flow\">\n<section class=\"wp-block-uagb-section uagb-section__wrap uagb-section__background-none uagb-block-0bf105e1\"><div class=\"uagb-section__overlay\"><\/div><div class=\"uagb-section__inner-wrap\">\n<h2 class=\"wp-block-heading has-text-align-center has-large-font-size\">The advantages of this family \ud83d\ude00 visit<\/h2>\n\n\n\n<ul class=\"wp-block-list\">\n<li>This outing is spectacular with its 2000 candles and the fireworks<\/li>\n\n\n\n<li>The kids love this night tour of the castle and the walk in the park<\/li>\n\n\n\n<li>You can move at your own pace, take breaks, choose the areas to discover according to the children&#8217;s energy, or simply enjoy a moment of relaxation in the gardens&#8230;<\/li>\n<\/ul>\n<\/div><\/section>\n\n\n\n<div style=\"height:30px\" aria-hidden=\"true\" class=\"wp-block-spacer\"><\/div>\n\n\n<div class=\"lazyblock-section-DgzHi wp-block-lazyblock-section\">\n  <div class=\"uagb-section__overlay\"><\/div>\n\t<div class=\"lazyblock-inner-blocks\">\n\n<h2 class=\"wp-block-heading has-large-font-size\">An enchantment in Vaux-le-Vicomte<\/h2>\n\n\n\n<p>During candlelight evenings, <strong><a href=\"https:\/\/www.familinparis.fr\/en\/the-castle-of-vaux-le-vicomte\/\">the Ch\u00e2teau de Vaux-le-Vicomte<\/a> and the 33 hectares of gardens<\/strong> designed by Le N\u00f4tre are lit by candles<\/p>\n\n\n\n<p>These <strong>evenings take place every Saturday evening, from mid-May<\/strong> to the end of September<\/p>\n\n\n\n<p>The show is magical with more than <strong>2000 candles<\/strong> that sparkle throughout the estate (park and castle)<\/p>\n\n\n\n<p>These nightly visits by candlelight are <strong>a real delight<\/strong>. The Vaux le Vicomte estate is sublimated for an evening&#8230; <\/p>\n\n\n\n<p>By candlelight, the garden of Vaux-le-Vicomte becomes mysterious. The works of art, paintings and statues are offered to the visitor in a very special atmosphere <\/p>\n\n\n\n<p><strong>The evening ends with a magnificent fireworks display<\/strong> of gold and silver at 11 p.m.<\/p>\n\n\n\n<p>Candlelight evenings have existed since 1980 and are a great success every year<\/p>\n\n<\/div>\n<\/div><\/div>\n\n\n\n<div class=\"wp-block-column is-layout-flow wp-block-column-is-layout-flow\"><div class=\"lazyblock-section-Z1wIoYP wp-block-lazyblock-section\">\n  <div class=\"uagb-section__overlay\"><\/div>\n\t<div class=\"lazyblock-inner-blocks\">\n\n<h2 class=\"wp-block-heading has-large-font-size\">Two special evenings<\/h2>\n\n\n\n<p>Two evenings will punctuate the summer, each animated by the <strong>atmosphere of a festive guinguette<\/strong> :<\/p>\n\n\n\n<ul class=\"wp-block-list\">\n<li><strong> on July 13<\/strong>, with a <strong>blue, white or red<\/strong> dress code to celebrate the <strong>National Day<\/strong><\/li>\n\n\n\n<li>on <strong>15 August<\/strong>, an evening in <strong>white<\/strong>, placed under the sign of <strong>refinement<\/strong><\/li>\n<\/ul>\n\n<\/div>\n<\/div>\n\n\n<div style=\"height:33px\" aria-hidden=\"true\" class=\"wp-block-spacer\"><\/div>\n\n\n<div class=\"lazyblock-section-270BXO wp-block-lazyblock-section\">\n  <div class=\"uagb-section__overlay\"><\/div>\n\t<div class=\"lazyblock-inner-blocks\">\n\n<h2 class=\"wp-block-heading has-large-font-size\">Useful information<\/h2>\n\n\n\n<ul class=\"wp-block-list\">\n<li><strong>WE LIKE<\/strong> : a visit to the castle in a magical setting and\/or a walk in the illuminated gardens<\/li>\n\n\n\n<li><strong>DATES <\/strong>: Saturday evenings from May 16 to September 26, 2026<\/li>\n\n\n\n<li><strong>OPENING HOURS:<\/strong> 5:30 p.m. or 6:30 p.m. or 7:30 p.m. (last access at the ticket office at 9:30 p.m.)<\/li>\n\n\n\n<li><strong>LOCATION:<\/strong> at the castle of Vaux-le-Vicomte (77)<\/li>\n\n\n\n<li><strong>FREE <\/strong>: for children under 4 years old<\/li>\n\n\n\n<li><strong>The entrance ticket to the Candlelight Evenings<\/strong> gives you access <strong>to the castle<\/strong> (Nicolas Fouquet&#8217;s private apartments, ceremonial rooms, basements) and <strong>gardens<\/strong><\/li>\n\n\n\n<li>It is possible to take tickets only for the gardens  <\/li>\n\n\n\n<li><strong>The evening starts at 7pm<\/strong> but you can access the castle with your ticket from 2pm<\/li>\n\n\n\n<li>Please note: during the installation of the candles inside the castle (from 5:15 p.m. to 7 p.m.), you can go for a walk in the gardens<\/li>\n<\/ul>\n\n<\/div>\n<\/div><\/div>\n<\/div>\n\n<div style=\"height:40px\" aria-hidden=\"true\" class=\"wp-block-spacer\"><\/div>\n\n<figure class=\"wp-block-embed is-type-video is-provider-youtube wp-block-embed-youtube wp-embed-aspect-16-9 wp-has-aspect-ratio\"><div class=\"wp-block-embed__wrapper\">\n<iframe title=\"Les soir\u00e9es aux chandelles au Ch\u00e2teau de Vaux-le-Vicomte\" width=\"770\" height=\"433\" src=\"https:\/\/www.youtube.com\/embed\/Anyad_VxUy0?feature=oembed\" frameborder=\"0\" allow=\"accelerometer; autoplay; clipboard-write; encrypted-media; gyroscope; picture-in-picture; web-share\" referrerpolicy=\"strict-origin-when-cross-origin\" allowfullscreen><\/iframe>\n<\/div><\/figure>\n\n<div style=\"height:39px\" aria-hidden=\"true\" class=\"wp-block-spacer\"><\/div>\n<div class=\"lazyblock-grids-Z1VnlTr wp-block-lazyblock-grids\"><!--\n<div class=\"row new-grids grids-style-2\">\n    <div class=\"glide grid-carousel\">\n        <div class=\"grid-title grid-carousel--title\">\n            <div>\n                                    <h2>What to do in Seine-et-Marne with your family?<\/h2>\n                                                    <p>The castle of Vaux le Vicomte is in Seine et Marne, like that of Champ sur Marne or Fontainebleau, There is no shortage of leisure parks, animal parks... There are many family activities in Seine et Marne. <\/p>\n                            <\/div>\n            <div>\n                <div class=\"glide__arrows\" data-glide-el=\"controls\">\n                    <button class=\"glide__arrow glide__arrow--left\" data-glide-dir=\"|&lt;\"><i class=\"fa fa-angle-left\"><\/i><\/button>\n                    <button class=\"glide__arrow glide__arrow--right\" data-glide-dir=\"|&gt;\"><i class=\"fa fa-angle-right\"><\/i><\/button>\n                <\/div>\n            <\/div>\n        <\/div>\n        \n        <div class=\"glide__track\" data-glide-el=\"track\">\n            <ul class=\"glide__slides\">\n                <li class=\"glide__slide\">\n\n<div class=\"grid\">\n\t<a href=\"https:\/\/www.familinparis.fr\/en\/the-castle-of-vaux-le-vicomte\/\" target=\"_self\">\n\t    <div class=\"image\" style=\"background-image:url('https:\/\/www.familinparis.fr\/wp-content\/uploads\/Chateaux\/vaux-le-vicomte\/Vaux-le-vicomte-dome-@FamilinParis-564x282.jpg')\">\n\t    \t\t\t\t\t    <\/div>\n\t    <div class=\"texte\">\n\t        <h5><\/h5>\n\t        <h3>The castle of Vaux-le-Vicomte<\/h3>\n\t        <div class=\"tags\">\n\t        \t\t        \t<span><\/span>\n\t        <\/div>\n\t        <div class=\"bas\">\n        \t\t<div class=\"prix\">\n        \t\t\t        \t\t<\/div>\n            \t<div class=\"review-stars\" data-productId=\"\">\n            \t<\/div>\n\t        <\/div>\n\t    <\/div>\n\t<\/a>\n<\/div><\/li><li class=\"glide__slide\">\n\n<div class=\"grid\">\n\t<a href=\"https:\/\/www.familinparis.fr\/en\/ouvert-le-1er-mai\/\" target=\"_self\">\n\t    <div class=\"image\" style=\"background-image:url('https:\/\/www.familinparis.fr\/wp-content\/uploads\/Quartier\/palais-royal-colonne-buren-paris-enfant-SH-564x282.jpg')\">\n\t    \t\t\t\t\t    <\/div>\n\t    <div class=\"texte\">\n\t        <h5>In and around Paris<\/h5>\n\t        <h3>What to do in Paris on May 1, 2026? It's Friday, a long weekend is looming!<\/h3>\n\t        <div class=\"tags\">\n\t        \t\t        \t<span><\/span>\n\t        <\/div>\n\t        <div class=\"bas\">\n        \t\t<div class=\"prix\">\n        \t\t\t        \t\t<\/div>\n            \t<div class=\"review-stars\" data-productId=\"\">\n            \t<\/div>\n\t        <\/div>\n\t    <\/div>\n\t<\/a>\n<\/div><\/li><li class=\"glide__slide\">\n\n<div class=\"grid\">\n\t<a href=\"https:\/\/www.familinparis.fr\/en\/guided-tour-the-mysteries-of-the-forest-of-fontainebleau-elyrea\/\" target=\"_self\">\n\t    <div class=\"image\" style=\"background-image:url('https:\/\/www.familinparis.fr\/wp-content\/uploads\/Visite-theatralisee\/Fontainebleau-visite-theatre-arbre-564x282.jpg')\">\n\t    \t\t    \t<div class=\"dateOnImg\">Vendredi et dimanche<\/div>\n\t    \t\t\t\t\t\t\t\t<div class=\"rond-blanc-age\"><span>For all<\/span><\/div>\n\t\t\t\t    <\/div>\n\t    <div class=\"texte\">\n\t        <h5>For\u00eat de Fontainebleau<\/h5>\n\t        <h3>The mysteries of the forest of Fontainebleau<\/h3>\n\t        <div class=\"tags\">\n\t        \t\t        \t\t<span>VISITE TH\u00c9\u00c2TRALIS\u00c9E<\/span>\n\t        \t\t        \t<span>1h30<\/span>\n\t        <\/div>\n\t        <div class=\"bas\">\n        \t\t<div class=\"prix\">\n        \t\t\t        \t\t<\/div>\n            \t<div class=\"review-stars\" data-productId=\"\">\n            \t<\/div>\n\t        <\/div>\n\t    <\/div>\n\t<\/a>\n<\/div><\/li><li class=\"glide__slide\">\n\n<div class=\"grid\">\n\t<a href=\"https:\/\/www.familinparis.fr\/en\/gathering-farms-around-paris\/\" target=\"_self\">\n\t    <div class=\"image\" style=\"background-image:url('https:\/\/www.familinparis.fr\/wp-content\/uploads\/LOISIRS\/fermes\/ferme-cueillette-paris-564x282.jpg')\">\n\t    \t\t\t\t\t    <\/div>\n\t    <div class=\"texte\">\n\t        <h5><\/h5>\n\t        <h3>Gathering farms around Paris<\/h3>\n\t        <div class=\"tags\">\n\t        \t\t        \t<span><\/span>\n\t        <\/div>\n\t        <div class=\"bas\">\n        \t\t<div class=\"prix\">\n        \t\t\t        \t\t<\/div>\n            \t<div class=\"review-stars\" data-productId=\"\">\n            \t<\/div>\n\t        <\/div>\n\t    <\/div>\n\t<\/a>\n<\/div><\/li><li class=\"glide__slide\">\n\n<div class=\"grid\">\n\t<a href=\"https:\/\/www.familinparis.fr\/en\/the-great-day-of-the-costumed-at-the-chateau-de-vaux-le-vicomte\/\" target=\"_self\">\n\t    <div class=\"image\" style=\"background-image:url('https:\/\/www.familinparis.fr\/wp-content\/uploads\/photos-familinparis-2021\/chateau\/deguisement-enfant-chateau-de-vaux-le-vicomte-564x282.jpg')\">\n\t    \t\t\t\t\t    <\/div>\n\t    <div class=\"texte\">\n\t        <h5><\/h5>\n\t        <h3>The Great Day of the Costumed at the Ch\u00e2teau de Vaux le Vicomte<\/h3>\n\t        <div class=\"tags\">\n\t        \t\t        \t<span><\/span>\n\t        <\/div>\n\t        <div class=\"bas\">\n        \t\t<div class=\"prix\">\n        \t\t\t        \t\t<\/div>\n            \t<div class=\"review-stars\" data-productId=\"\">\n            \t<\/div>\n\t        <\/div>\n\t    <\/div>\n\t<\/a>\n<\/div><\/li><li class=\"glide__slide\">\n\n<div class=\"grid\">\n\t<a href=\"https:\/\/www.familinparis.fr\/en\/the-bois-dattilly-zoo\/\" target=\"_self\">\n\t    <div class=\"image\" style=\"background-image:url('https:\/\/www.familinparis.fr\/wp-content\/uploads\/photos-partenaires\/animaux\/zoo-du-jardin-des-plantes-tarif-75005-564x282.jpg')\">\n\t    \t\t\t\t\t    <\/div>\n\t    <div class=\"texte\">\n\t        <h5><\/h5>\n\t        <h3>The Bois d'Attilly Zoo<\/h3>\n\t        <div class=\"tags\">\n\t        \t\t        \t<span><\/span>\n\t        <\/div>\n\t        <div class=\"bas\">\n        \t\t<div class=\"prix\">\n        \t\t\t\t        \t\t\t<span>From<\/span>\n\t        \t\t\t<span class=\"chiffre-barre\">21\u20ac<\/span>\n\t        \t\t\t<span class=\"chiffre\">19\u20ac<\/span>\t        \t\t        \t\t<\/div>\n            \t<div class=\"review-stars\" data-productId=\"\">\n            \t<\/div>\n\t        <\/div>\n\t    <\/div>\n\t<\/a>\n<\/div><\/li><li class=\"glide__slide\">\n\n<div class=\"grid\">\n\t<a href=\"https:\/\/www.familinparis.fr\/en\/gulli-parc-meaux-seine-et-marne-77\/\" target=\"_self\">\n\t    <div class=\"image\" style=\"background-image:url('https:\/\/www.familinparis.fr\/wp-content\/uploads\/2025\/12\/SPJ_8388-564x282.jpg')\">\n\t    \t\t    \t<div class=\"dateOnImg\">Toute l'ann\u00e9e<\/div>\n\t    \t\t\t\t\t\t\t\t<div class=\"rond-blanc-age\"><span>from <span class=\"age-number\">1<\/span> to <span class=\"age-number\">12<\/span> yo<\/span><\/div>\n\t\t\t\t    <\/div>\n\t    <div class=\"texte\">\n\t        <h5>Meaux (77)<\/h5>\n\t        <h3>Gulli Parc de Meaux (77)<\/h3>\n\t        <div class=\"tags\">\n\t        \t\t        \t\t<span>Parc de loisirs<\/span>\n\t        \t\t        \t<span><\/span>\n\t        <\/div>\n\t        <div class=\"bas\">\n        \t\t<div class=\"prix\">\n        \t\t\t\t        \t\t\t<span>From<\/span>\n\t        \t\t\t<span class=\"\">7,20\u20ac<\/span>\n\t        \t\t\t\t        \t\t        \t\t<\/div>\n            \t<div class=\"review-stars\" data-productId=\"\">\n            \t<\/div>\n\t        <\/div>\n\t    <\/div>\n\t<\/a>\n<\/div><\/li><li class=\"glide__slide\">\n\n<div class=\"grid\">\n\t<a href=\"https:\/\/www.familinparis.fr\/en\/educational-farms-around-paris\/\" target=\"_self\">\n\t    <div class=\"image\" style=\"background-image:url('https:\/\/www.familinparis.fr\/wp-content\/uploads\/LOISIRS\/fermes\/ferme-pedagogique-poule-rousse-564x282.jpg')\">\n\t    \t\t\t\t\t    <\/div>\n\t    <div class=\"texte\">\n\t        <h5><\/h5>\n\t        <h3>Educational farms around Paris<\/h3>\n\t        <div class=\"tags\">\n\t        \t\t        \t<span><\/span>\n\t        <\/div>\n\t        <div class=\"bas\">\n        \t\t<div class=\"prix\">\n        \t\t\t        \t\t<\/div>\n            \t<div class=\"review-stars\" data-productId=\"\">\n            \t<\/div>\n\t        <\/div>\n\t    <\/div>\n\t<\/a>\n<\/div><\/li><li class=\"glide__slide\">\n\n<div class=\"grid\">\n\t<a href=\"https:\/\/www.familinparis.fr\/en\/disneyland-ticket\/\" target=\"_self\">\n\t    <div class=\"image\" style=\"background-image:url('https:\/\/www.familinparis.fr\/wp-content\/uploads\/Parc-attractions\/disneyland\/parc-attraction-disneyland-paris-PLD-564x282.jpg')\">\n\t    \t\t    \t<div class=\"dateOnImg\">7 days a week  <\/div>\n\t    \t\t\t\t\t    <\/div>\n\t    <div class=\"texte\">\n\t        <h5>In the 77 (Seine et Marne)<\/h5>\n\t        <h3>Disneyland Paris<\/h3>\n\t        <div class=\"tags\">\n\t        \t\t        \t\t<span>Amusement Park<\/span>\n\t        \t\t        \t<span><\/span>\n\t        <\/div>\n\t        <div class=\"bas\">\n        \t\t<div class=\"prix\">\n        \t\t\t        \t\t<\/div>\n            \t<div class=\"review-stars\" data-productId=\"\">\n            \t<\/div>\n\t        <\/div>\n\t    <\/div>\n\t<\/a>\n<\/div><\/li><li class=\"glide__slide\">\n\n<div class=\"grid\">\n\t<a href=\"https:\/\/www.familinparis.fr\/en\/museum-of-the-great-war-of-the-pays-de-meaux\/\" target=\"_self\">\n\t    <div class=\"image\" style=\"background-image:url('https:\/\/www.familinparis.fr\/wp-content\/uploads\/photos-partenaires\/musee-de-la-grande-guerre-meaux-77-\u00a9Didier-Pazery-564x282.jpg')\">\n\t    \t\t\t\t\t    <\/div>\n\t    <div class=\"texte\">\n\t        <h5>In Meaux (in the 77)<\/h5>\n\t        <h3>Museum of the Great War of the Pays de Meaux<\/h3>\n\t        <div class=\"tags\">\n\t        \t\t        \t\t<span>From 8 years old<\/span>\n\t        \t\t        \t<span><\/span>\n\t        <\/div>\n\t        <div class=\"bas\">\n        \t\t<div class=\"prix\">\n        \t\t\t        \t\t<\/div>\n            \t<div class=\"review-stars\" data-productId=\"\">\n            \t<\/div>\n\t        <\/div>\n\t    <\/div>\n\t<\/a>\n<\/div><\/li><li class=\"glide__slide\">\n\n<div class=\"grid\">\n\t<a href=\"https:\/\/www.familinparis.fr\/en\/the-39th-medieval-churches-of-provins\/\" target=\"_self\">\n\t    <div class=\"image\" style=\"background-image:url('https:\/\/www.familinparis.fr\/wp-content\/uploads\/2024\/05\/images-2.jpeg')\">\n\t    \t\t    \t<div class=\"dateOnImg\">June 1, 2, 2024<\/div>\n\t    \t\t\t\t\t    <\/div>\n\t    <div class=\"texte\">\n\t        <h5>Provins (77)<\/h5>\n\t        <h3>The 39th Medieval Churches of Provins<\/h3>\n\t        <div class=\"tags\">\n\t        \t\t        \t\t<span>For everyone<\/span>\n\t        \t\t        \t<span>All day<\/span>\n\t        <\/div>\n\t        <div class=\"bas\">\n        \t\t<div class=\"prix\">\n        \t\t\t\t        \t\t\t<span>From<\/span>\n\t        \t\t\t<span class=\"\">9\u20ac<\/span>\n\t        \t\t\t\t        \t\t        \t\t<\/div>\n            \t<div class=\"review-stars\" data-productId=\"\">\n            \t<\/div>\n\t        <\/div>\n\t    <\/div>\n\t<\/a>\n<\/div><\/li><li class=\"glide__slide\">\n\n<div class=\"grid\">\n\t<a href=\"https:\/\/www.familinparis.fr\/en\/the-eagles-of-the-ramparts\/\" target=\"_self\">\n\t    <div class=\"image\" style=\"background-image:url('https:\/\/www.familinparis.fr\/wp-content\/uploads\/2024\/06\/spectacle-a-provins-les-aignes-des-remparts-564x282.jpg')\">\n\t    \t\t\t\t\t    <\/div>\n\t    <div class=\"texte\">\n\t        <h5><\/h5>\n\t        <h3>The eagles of the ramparts<\/h3>\n\t        <div class=\"tags\">\n\t        \t\t        \t<span><\/span>\n\t        <\/div>\n\t        <div class=\"bas\">\n        \t\t<div class=\"prix\">\n        \t\t\t        \t\t<\/div>\n            \t<div class=\"review-stars\" data-productId=\"\">\n            \t<\/div>\n\t        <\/div>\n\t    <\/div>\n\t<\/a>\n<\/div><\/li><li class=\"glide__slide\">\n\n<div class=\"grid\">\n\t<a href=\"https:\/\/www.familinparis.fr\/en\/the-sea-life-aquarium\/\" target=\"_self\">\n\t    <div class=\"image\" style=\"background-image:url('https:\/\/www.familinparis.fr\/wp-content\/uploads\/Animaux\/aquarium\/aquarium-sea-life-vallee-village-\u00a9SEA-LIFE-Paris-564x282.jpg')\">\n\t    \t\t    \t<div class=\"dateOnImg\">Tous les jours<\/div>\n\t    \t\t\t\t\t    <\/div>\n\t    <div class=\"texte\">\n\t        <h5>Gratuit pour les - 3 ans<\/h5>\n\t        <h3>The SEA LIFE aquarium<\/h3>\n\t        <div class=\"tags\">\n\t        \t\t        \t\t<span>A c\u00f4t\u00e9 de la Vall\u00e9e Village (Val d'Europe)<\/span>\n\t        \t\t        \t<span><\/span>\n\t        <\/div>\n\t        <div class=\"bas\">\n        \t\t<div class=\"prix\">\n        \t\t\t        \t\t<\/div>\n            \t<div class=\"review-stars\" data-productId=\"47\">\n            \t<\/div>\n\t        <\/div>\n\t    <\/div>\n\t<\/a>\n<\/div><\/li><li class=\"glide__slide\">\n\n<div class=\"grid\">\n\t<a href=\"https:\/\/www.familinparis.fr\/en\/parrot-world-the-world-of-parrots\/\" target=\"_self\">\n\t    <div class=\"image\" style=\"background-image:url('https:\/\/www.familinparis.fr\/wp-content\/uploads\/Animaux\/parrot-world\/parrot-world-parc-zoologique-77-564x282.jpg')\">\n\t    \t\t\t\t\t    <\/div>\n\t    <div class=\"texte\">\n\t        <h5><\/h5>\n\t        <h3>Parrot World, the world of parrots<\/h3>\n\t        <div class=\"tags\">\n\t        \t\t        \t<span><\/span>\n\t        <\/div>\n\t        <div class=\"bas\">\n        \t\t<div class=\"prix\">\n        \t\t\t        \t\t<\/div>\n            \t<div class=\"review-stars\" data-productId=\"\">\n            \t<\/div>\n\t        <\/div>\n\t    <\/div>\n\t<\/a>\n<\/div><\/li><li class=\"glide__slide\">\n\n<div class=\"grid\">\n\t<a href=\"https:\/\/www.familinparis.fr\/en\/the-castle-of-champs-sur-marne\/\" target=\"_self\">\n\t    <div class=\"image\" style=\"background-image:url('https:\/\/www.familinparis.fr\/wp-content\/uploads\/Chateaux\/champs-sur-marne\/le-chateau-de-champs-sur-marne-PLD-564x282.jpg')\">\n\t    \t\t\t\t\t    <\/div>\n\t    <div class=\"texte\">\n\t        <h5><\/h5>\n\t        <h3>The castle of Champs-sur-Marne<\/h3>\n\t        <div class=\"tags\">\n\t        \t\t        \t<span><\/span>\n\t        <\/div>\n\t        <div class=\"bas\">\n        \t\t<div class=\"prix\">\n        \t\t\t        \t\t<\/div>\n            \t<div class=\"review-stars\" data-productId=\"\">\n            \t<\/div>\n\t        <\/div>\n\t    <\/div>\n\t<\/a>\n<\/div><\/li><li class=\"glide__slide\">\n\n<div class=\"grid\">\n\t<a href=\"https:\/\/www.familinparis.fr\/en\/the-chateau-de-fontainebleau\/\" target=\"_self\">\n\t    <div class=\"image\" style=\"background-image:url('https:\/\/www.familinparis.fr\/wp-content\/uploads\/Chateaux\/Fontainebleau\/le-chateau-de-fontainebleau-FLD-564x282.jpg')\">\n\t    \t\t\t\t\t    <\/div>\n\t    <div class=\"texte\">\n\t        <h5><\/h5>\n\t        <h3>The Ch\u00e2teau de Fontainebleau<\/h3>\n\t        <div class=\"tags\">\n\t        \t\t        \t<span><\/span>\n\t        <\/div>\n\t        <div class=\"bas\">\n        \t\t<div class=\"prix\">\n        \t\t\t        \t\t<\/div>\n            \t<div class=\"review-stars\" data-productId=\"\">\n            \t<\/div>\n\t        <\/div>\n\t    <\/div>\n\t<\/a>\n<\/div><\/li><li class=\"glide__slide\">\n\n<div class=\"grid\">\n\t<a href=\"https:\/\/www.familinparis.fr\/en\/accrocamp-paris-jablines\/\" target=\"_self\">\n\t    <div class=\"image\" style=\"background-image:url('https:\/\/www.familinparis.fr\/wp-content\/uploads\/2021\/10\/accrocamp-accrobranche-jablines-564x282.jpg')\">\n\t    \t\t\t\t\t    <\/div>\n\t    <div class=\"texte\">\n\t        <h5><\/h5>\n\t        <h3>AccroCamp Paris-Jablines<\/h3>\n\t        <div class=\"tags\">\n\t        \t\t        \t<span><\/span>\n\t        <\/div>\n\t        <div class=\"bas\">\n        \t\t<div class=\"prix\">\n        \t\t\t        \t\t<\/div>\n            \t<div class=\"review-stars\" data-productId=\"\">\n            \t<\/div>\n\t        <\/div>\n\t    <\/div>\n\t<\/a>\n<\/div><\/li><li class=\"glide__slide\">\n\n<div class=\"grid\">\n\t<a href=\"https:\/\/www.familinparis.fr\/en\/provins-and-its-surroundings-with-the-family\/\" target=\"_self\">\n\t    <div class=\"image\" style=\"background-image:url('https:\/\/www.familinparis.fr\/wp-content\/uploads\/Chateaux\/provins\/provin-PLD-564x282.jpg')\">\n\t    \t\t\t\t\t    <\/div>\n\t    <div class=\"texte\">\n\t        <h5><\/h5>\n\t        <h3>Provins and its surroundings with the family<\/h3>\n\t        <div class=\"tags\">\n\t        \t\t        \t<span><\/span>\n\t        <\/div>\n\t        <div class=\"bas\">\n        \t\t<div class=\"prix\">\n        \t\t\t        \t\t<\/div>\n            \t<div class=\"review-stars\" data-productId=\"\">\n            \t<\/div>\n\t        <\/div>\n\t    <\/div>\n\t<\/a>\n<\/div><\/li>            <\/ul>\n        <\/div>\n    <\/div>\n    \n            <div class=\"col-12 t-center m-b-20\">\n            <div class=\"labels__fam\">\n                                    <a href=\"\/sortie-en-ile-de-france\/\" class=\"labels__fam-color-secondary labels__fam-radius-rounded\">\n                        All our outings in Ile-de-France                    <\/a>\n                            <\/div>\n        <\/div>\n    <\/div>\n-->\n<style type=\"text\/css\">\n    .swiper{\n        width: 100%;\n    }\n    .grid-carousel__arrows {\n        display: flex;\n        gap: 1rem;\n\n    }\n    button.grid-carousel__arrow {\n        background: #008098;\n        border-radius: 50%;\n        height: 50px;\n        width: 50px;\n        border: 2px solid #008098;\n        color: #ffff;\n        padding: 0px;\n        text-align: center;\n    }\n\n    button.grid-carousel__arrow.swiper-button-disabled{\n        opacity: .15;\n    }\n    .grid-carousel .swiper-slide {\n         min-width: 300px;\n    }\n    @media (max-width: 799px) {\n        .grid-carousel__arrows {\n            display: none;\n        }\n        .grid-carousel .swiper-slide {\n            width: 40%;\n        }\n    }\n    @media (max-width: 529px) {\n        .grid-carousel .swiper-slide {\n            width: 75%;\n        }\n    }\n<\/style>\n\n<div class=\"row new-grids grids-style-2\">\n    <div class=\"swiper grid-carousel\">\n        <div class=\"grid-title grid-carousel--title\">\n            <div>\n                                    <h2>What to do in Seine-et-Marne with your family?<\/h2>\n                                                    <p>The castle of Vaux le Vicomte is in Seine et Marne, like that of Champ sur Marne or Fontainebleau, There is no shortage of leisure parks, animal parks&#8230; There are many family activities in Seine et Marne. <\/p>\n                            <\/div>\n            <div>\n                <div class=\"grid-carousel__arrows\">\n                    <button class=\"grid-carousel__arrow grid-carousel__arrow--left\">\n                        <i class=\"fa fa-angle-left\"><\/i>\n                    <\/button>\n                    <button class=\"grid-carousel__arrow grid-carousel__arrow--right\">\n                        <i class=\"fa fa-angle-right\"><\/i>\n                    <\/button>\n                <\/div>\n            <\/div>\n        <\/div>\n        \n        <div class=\"swiper-wrapper\">\n            <div class=\"swiper-slide\">\n\n<div class=\"grid\">\n\t<a href=\"https:\/\/www.familinparis.fr\/en\/the-castle-of-vaux-le-vicomte\/\" target=\"_self\">\n\t    <div class=\"image\" style=\"background-image:url('https:\/\/www.familinparis.fr\/wp-content\/uploads\/Chateaux\/vaux-le-vicomte\/Vaux-le-vicomte-dome-@FamilinParis-564x282.jpg')\">\n\t    \t\t\t\t\t    <\/div>\n\t    <div class=\"texte\">\n\t        <h5><\/h5>\n\t        <h3>The castle of Vaux-le-Vicomte<\/h3>\n\t        <div class=\"tags\">\n\t        \t\t        \t<span><\/span>\n\t        <\/div>\n\t        <div class=\"bas\">\n        \t\t<div class=\"prix\">\n        \t\t\t        \t\t<\/div>\n            \t<div class=\"review-stars\" data-productId=\"\">\n            \t<\/div>\n\t        <\/div>\n\t    <\/div>\n\t<\/a>\n<\/div><\/div><div class=\"swiper-slide\">\n\n<div class=\"grid\">\n\t<a href=\"https:\/\/www.familinparis.fr\/en\/ouvert-le-1er-mai\/\" target=\"_self\">\n\t    <div class=\"image\" style=\"background-image:url('https:\/\/www.familinparis.fr\/wp-content\/uploads\/Quartier\/palais-royal-colonne-buren-paris-enfant-SH-564x282.jpg')\">\n\t    \t\t\t\t\t    <\/div>\n\t    <div class=\"texte\">\n\t        <h5>In and around Paris<\/h5>\n\t        <h3>What to do in Paris on May 1, 2026? It&#8217;s Friday, a long weekend is looming!<\/h3>\n\t        <div class=\"tags\">\n\t        \t\t        \t<span><\/span>\n\t        <\/div>\n\t        <div class=\"bas\">\n        \t\t<div class=\"prix\">\n        \t\t\t        \t\t<\/div>\n            \t<div class=\"review-stars\" data-productId=\"\">\n            \t<\/div>\n\t        <\/div>\n\t    <\/div>\n\t<\/a>\n<\/div><\/div><div class=\"swiper-slide\">\n\n<div class=\"grid\">\n\t<a href=\"https:\/\/www.familinparis.fr\/en\/guided-tour-the-mysteries-of-the-forest-of-fontainebleau-elyrea\/\" target=\"_self\">\n\t    <div class=\"image\" style=\"background-image:url('https:\/\/www.familinparis.fr\/wp-content\/uploads\/Visite-theatralisee\/Fontainebleau-visite-theatre-arbre-564x282.jpg')\">\n\t    \t\t    \t<div class=\"dateOnImg\">Vendredi et dimanche<\/div>\n\t    \t\t\t\t\t\t\t\t<div class=\"rond-blanc-age\"><span>For all<\/span><\/div>\n\t\t\t\t    <\/div>\n\t    <div class=\"texte\">\n\t        <h5>For\u00eat de Fontainebleau<\/h5>\n\t        <h3>The mysteries of the forest of Fontainebleau<\/h3>\n\t        <div class=\"tags\">\n\t        \t\t        \t\t<span>VISITE TH\u00c9\u00c2TRALIS\u00c9E<\/span>\n\t        \t\t        \t<span>1h30<\/span>\n\t        <\/div>\n\t        <div class=\"bas\">\n        \t\t<div class=\"prix\">\n        \t\t\t        \t\t<\/div>\n            \t<div class=\"review-stars\" data-productId=\"\">\n            \t<\/div>\n\t        <\/div>\n\t    <\/div>\n\t<\/a>\n<\/div><\/div><div class=\"swiper-slide\">\n\n<div class=\"grid\">\n\t<a href=\"https:\/\/www.familinparis.fr\/en\/gathering-farms-around-paris\/\" target=\"_self\">\n\t    <div class=\"image\" style=\"background-image:url('https:\/\/www.familinparis.fr\/wp-content\/uploads\/LOISIRS\/fermes\/ferme-cueillette-paris-564x282.jpg')\">\n\t    \t\t\t\t\t    <\/div>\n\t    <div class=\"texte\">\n\t        <h5><\/h5>\n\t        <h3>Gathering farms around Paris<\/h3>\n\t        <div class=\"tags\">\n\t        \t\t        \t<span><\/span>\n\t        <\/div>\n\t        <div class=\"bas\">\n        \t\t<div class=\"prix\">\n        \t\t\t        \t\t<\/div>\n            \t<div class=\"review-stars\" data-productId=\"\">\n            \t<\/div>\n\t        <\/div>\n\t    <\/div>\n\t<\/a>\n<\/div><\/div><div class=\"swiper-slide\">\n\n<div class=\"grid\">\n\t<a href=\"https:\/\/www.familinparis.fr\/en\/the-great-day-of-the-costumed-at-the-chateau-de-vaux-le-vicomte\/\" target=\"_self\">\n\t    <div class=\"image\" style=\"background-image:url('https:\/\/www.familinparis.fr\/wp-content\/uploads\/photos-familinparis-2021\/chateau\/deguisement-enfant-chateau-de-vaux-le-vicomte-564x282.jpg')\">\n\t    \t\t\t\t\t    <\/div>\n\t    <div class=\"texte\">\n\t        <h5><\/h5>\n\t        <h3>The Great Day of the Costumed at the Ch\u00e2teau de Vaux le Vicomte<\/h3>\n\t        <div class=\"tags\">\n\t        \t\t        \t<span><\/span>\n\t        <\/div>\n\t        <div class=\"bas\">\n        \t\t<div class=\"prix\">\n        \t\t\t        \t\t<\/div>\n            \t<div class=\"review-stars\" data-productId=\"\">\n            \t<\/div>\n\t        <\/div>\n\t    <\/div>\n\t<\/a>\n<\/div><\/div><div class=\"swiper-slide\">\n\n<div class=\"grid\">\n\t<a href=\"https:\/\/www.familinparis.fr\/en\/the-bois-dattilly-zoo\/\" target=\"_self\">\n\t    <div class=\"image\" style=\"background-image:url('https:\/\/www.familinparis.fr\/wp-content\/uploads\/photos-partenaires\/animaux\/zoo-du-jardin-des-plantes-tarif-75005-564x282.jpg')\">\n\t    \t\t\t\t\t    <\/div>\n\t    <div class=\"texte\">\n\t        <h5><\/h5>\n\t        <h3>The Bois d&#8217;Attilly Zoo<\/h3>\n\t        <div class=\"tags\">\n\t        \t\t        \t<span><\/span>\n\t        <\/div>\n\t        <div class=\"bas\">\n        \t\t<div class=\"prix\">\n        \t\t\t\t        \t\t\t<span>From<\/span>\n\t        \t\t\t<span class=\"chiffre-barre\">21\u20ac<\/span>\n\t        \t\t\t<span class=\"chiffre\">19\u20ac<\/span>\t        \t\t        \t\t<\/div>\n            \t<div class=\"review-stars\" data-productId=\"\">\n            \t<\/div>\n\t        <\/div>\n\t    <\/div>\n\t<\/a>\n<\/div><\/div><div class=\"swiper-slide\">\n\n<div class=\"grid\">\n\t<a href=\"https:\/\/www.familinparis.fr\/en\/gulli-parc-meaux-seine-et-marne-77\/\" target=\"_self\">\n\t    <div class=\"image\" style=\"background-image:url('https:\/\/www.familinparis.fr\/wp-content\/uploads\/2025\/12\/SPJ_8388-564x282.jpg')\">\n\t    \t\t    \t<div class=\"dateOnImg\">Toute l&#8217;ann\u00e9e<\/div>\n\t    \t\t\t\t\t\t\t\t<div class=\"rond-blanc-age\"><span>from <span class=\"age-number\">1<\/span> to <span class=\"age-number\">12<\/span> yo<\/span><\/div>\n\t\t\t\t    <\/div>\n\t    <div class=\"texte\">\n\t        <h5>Meaux (77)<\/h5>\n\t        <h3>Gulli Parc de Meaux (77)<\/h3>\n\t        <div class=\"tags\">\n\t        \t\t        \t\t<span>Parc de loisirs<\/span>\n\t        \t\t        \t<span><\/span>\n\t        <\/div>\n\t        <div class=\"bas\">\n        \t\t<div class=\"prix\">\n        \t\t\t\t        \t\t\t<span>From<\/span>\n\t        \t\t\t<span class=\"\">7,20\u20ac<\/span>\n\t        \t\t\t\t        \t\t        \t\t<\/div>\n            \t<div class=\"review-stars\" data-productId=\"\">\n            \t<\/div>\n\t        <\/div>\n\t    <\/div>\n\t<\/a>\n<\/div><\/div><div class=\"swiper-slide\">\n\n<div class=\"grid\">\n\t<a href=\"https:\/\/www.familinparis.fr\/en\/educational-farms-around-paris\/\" target=\"_self\">\n\t    <div class=\"image\" style=\"background-image:url('https:\/\/www.familinparis.fr\/wp-content\/uploads\/LOISIRS\/fermes\/ferme-pedagogique-poule-rousse-564x282.jpg')\">\n\t    \t\t\t\t\t    <\/div>\n\t    <div class=\"texte\">\n\t        <h5><\/h5>\n\t        <h3>Educational farms around Paris<\/h3>\n\t        <div class=\"tags\">\n\t        \t\t        \t<span><\/span>\n\t        <\/div>\n\t        <div class=\"bas\">\n        \t\t<div class=\"prix\">\n        \t\t\t        \t\t<\/div>\n            \t<div class=\"review-stars\" data-productId=\"\">\n            \t<\/div>\n\t        <\/div>\n\t    <\/div>\n\t<\/a>\n<\/div><\/div><div class=\"swiper-slide\">\n\n<div class=\"grid\">\n\t<a href=\"https:\/\/www.familinparis.fr\/en\/disneyland-ticket\/\" target=\"_self\">\n\t    <div class=\"image\" style=\"background-image:url('https:\/\/www.familinparis.fr\/wp-content\/uploads\/Parc-attractions\/disneyland\/parc-attraction-disneyland-paris-PLD-564x282.jpg')\">\n\t    \t\t    \t<div class=\"dateOnImg\">7 days a week  <\/div>\n\t    \t\t\t\t\t    <\/div>\n\t    <div class=\"texte\">\n\t        <h5>In the 77 (Seine et Marne)<\/h5>\n\t        <h3>Disneyland Paris<\/h3>\n\t        <div class=\"tags\">\n\t        \t\t        \t\t<span>Amusement Park<\/span>\n\t        \t\t        \t<span><\/span>\n\t        <\/div>\n\t        <div class=\"bas\">\n        \t\t<div class=\"prix\">\n        \t\t\t        \t\t<\/div>\n            \t<div class=\"review-stars\" data-productId=\"\">\n            \t<\/div>\n\t        <\/div>\n\t    <\/div>\n\t<\/a>\n<\/div><\/div><div class=\"swiper-slide\">\n\n<div class=\"grid\">\n\t<a href=\"https:\/\/www.familinparis.fr\/en\/museum-of-the-great-war-of-the-pays-de-meaux\/\" target=\"_self\">\n\t    <div class=\"image\" style=\"background-image:url('https:\/\/www.familinparis.fr\/wp-content\/uploads\/photos-partenaires\/musee-de-la-grande-guerre-meaux-77-\u00a9Didier-Pazery-564x282.jpg')\">\n\t    \t\t\t\t\t    <\/div>\n\t    <div class=\"texte\">\n\t        <h5>In Meaux (in the 77)<\/h5>\n\t        <h3>Museum of the Great War of the Pays de Meaux<\/h3>\n\t        <div class=\"tags\">\n\t        \t\t        \t\t<span>From 8 years old<\/span>\n\t        \t\t        \t<span><\/span>\n\t        <\/div>\n\t        <div class=\"bas\">\n        \t\t<div class=\"prix\">\n        \t\t\t        \t\t<\/div>\n            \t<div class=\"review-stars\" data-productId=\"\">\n            \t<\/div>\n\t        <\/div>\n\t    <\/div>\n\t<\/a>\n<\/div><\/div><div class=\"swiper-slide\">\n\n<div class=\"grid\">\n\t<a href=\"https:\/\/www.familinparis.fr\/en\/the-39th-medieval-churches-of-provins\/\" target=\"_self\">\n\t    <div class=\"image\" style=\"background-image:url('https:\/\/www.familinparis.fr\/wp-content\/uploads\/2024\/05\/images-2.jpeg')\">\n\t    \t\t    \t<div class=\"dateOnImg\">June 1, 2, 2024<\/div>\n\t    \t\t\t\t\t    <\/div>\n\t    <div class=\"texte\">\n\t        <h5>Provins (77)<\/h5>\n\t        <h3>The 39th Medieval Churches of Provins<\/h3>\n\t        <div class=\"tags\">\n\t        \t\t        \t\t<span>For everyone<\/span>\n\t        \t\t        \t<span>All day<\/span>\n\t        <\/div>\n\t        <div class=\"bas\">\n        \t\t<div class=\"prix\">\n        \t\t\t\t        \t\t\t<span>From<\/span>\n\t        \t\t\t<span class=\"\">9\u20ac<\/span>\n\t        \t\t\t\t        \t\t        \t\t<\/div>\n            \t<div class=\"review-stars\" data-productId=\"\">\n            \t<\/div>\n\t        <\/div>\n\t    <\/div>\n\t<\/a>\n<\/div><\/div><div class=\"swiper-slide\">\n\n<div class=\"grid\">\n\t<a href=\"https:\/\/www.familinparis.fr\/en\/the-eagles-of-the-ramparts\/\" target=\"_self\">\n\t    <div class=\"image\" style=\"background-image:url('https:\/\/www.familinparis.fr\/wp-content\/uploads\/2024\/06\/spectacle-a-provins-les-aignes-des-remparts-564x282.jpg')\">\n\t    \t\t\t\t\t    <\/div>\n\t    <div class=\"texte\">\n\t        <h5><\/h5>\n\t        <h3>The eagles of the ramparts<\/h3>\n\t        <div class=\"tags\">\n\t        \t\t        \t<span><\/span>\n\t        <\/div>\n\t        <div class=\"bas\">\n        \t\t<div class=\"prix\">\n        \t\t\t        \t\t<\/div>\n            \t<div class=\"review-stars\" data-productId=\"\">\n            \t<\/div>\n\t        <\/div>\n\t    <\/div>\n\t<\/a>\n<\/div><\/div><div class=\"swiper-slide\">\n\n<div class=\"grid\">\n\t<a href=\"https:\/\/www.familinparis.fr\/en\/the-sea-life-aquarium\/\" target=\"_self\">\n\t    <div class=\"image\" style=\"background-image:url('https:\/\/www.familinparis.fr\/wp-content\/uploads\/Animaux\/aquarium\/aquarium-sea-life-vallee-village-\u00a9SEA-LIFE-Paris-564x282.jpg')\">\n\t    \t\t    \t<div class=\"dateOnImg\">Tous les jours<\/div>\n\t    \t\t\t\t\t    <\/div>\n\t    <div class=\"texte\">\n\t        <h5>Gratuit pour les &#8211; 3 ans<\/h5>\n\t        <h3>The SEA LIFE aquarium<\/h3>\n\t        <div class=\"tags\">\n\t        \t\t        \t\t<span>A c\u00f4t\u00e9 de la Vall\u00e9e Village (Val d&#8217;Europe)<\/span>\n\t        \t\t        \t<span><\/span>\n\t        <\/div>\n\t        <div class=\"bas\">\n        \t\t<div class=\"prix\">\n        \t\t\t        \t\t<\/div>\n            \t<div class=\"review-stars\" data-productId=\"47\">\n            \t<\/div>\n\t        <\/div>\n\t    <\/div>\n\t<\/a>\n<\/div><\/div><div class=\"swiper-slide\">\n\n<div class=\"grid\">\n\t<a href=\"https:\/\/www.familinparis.fr\/en\/parrot-world-the-world-of-parrots\/\" target=\"_self\">\n\t    <div class=\"image\" style=\"background-image:url('https:\/\/www.familinparis.fr\/wp-content\/uploads\/Animaux\/parrot-world\/parrot-world-parc-zoologique-77-564x282.jpg')\">\n\t    \t\t\t\t\t    <\/div>\n\t    <div class=\"texte\">\n\t        <h5><\/h5>\n\t        <h3>Parrot World, the world of parrots<\/h3>\n\t        <div class=\"tags\">\n\t        \t\t        \t<span><\/span>\n\t        <\/div>\n\t        <div class=\"bas\">\n        \t\t<div class=\"prix\">\n        \t\t\t        \t\t<\/div>\n            \t<div class=\"review-stars\" data-productId=\"\">\n            \t<\/div>\n\t        <\/div>\n\t    <\/div>\n\t<\/a>\n<\/div><\/div><div class=\"swiper-slide\">\n\n<div class=\"grid\">\n\t<a href=\"https:\/\/www.familinparis.fr\/en\/the-castle-of-champs-sur-marne\/\" target=\"_self\">\n\t    <div class=\"image\" style=\"background-image:url('https:\/\/www.familinparis.fr\/wp-content\/uploads\/Chateaux\/champs-sur-marne\/le-chateau-de-champs-sur-marne-PLD-564x282.jpg')\">\n\t    \t\t\t\t\t    <\/div>\n\t    <div class=\"texte\">\n\t        <h5><\/h5>\n\t        <h3>The castle of Champs-sur-Marne<\/h3>\n\t        <div class=\"tags\">\n\t        \t\t        \t<span><\/span>\n\t        <\/div>\n\t        <div class=\"bas\">\n        \t\t<div class=\"prix\">\n        \t\t\t        \t\t<\/div>\n            \t<div class=\"review-stars\" data-productId=\"\">\n            \t<\/div>\n\t        <\/div>\n\t    <\/div>\n\t<\/a>\n<\/div><\/div><div class=\"swiper-slide\">\n\n<div class=\"grid\">\n\t<a href=\"https:\/\/www.familinparis.fr\/en\/the-chateau-de-fontainebleau\/\" target=\"_self\">\n\t    <div class=\"image\" style=\"background-image:url('https:\/\/www.familinparis.fr\/wp-content\/uploads\/Chateaux\/Fontainebleau\/le-chateau-de-fontainebleau-FLD-564x282.jpg')\">\n\t    \t\t\t\t\t    <\/div>\n\t    <div class=\"texte\">\n\t        <h5><\/h5>\n\t        <h3>The Ch\u00e2teau de Fontainebleau<\/h3>\n\t        <div class=\"tags\">\n\t        \t\t        \t<span><\/span>\n\t        <\/div>\n\t        <div class=\"bas\">\n        \t\t<div class=\"prix\">\n        \t\t\t        \t\t<\/div>\n            \t<div class=\"review-stars\" data-productId=\"\">\n            \t<\/div>\n\t        <\/div>\n\t    <\/div>\n\t<\/a>\n<\/div><\/div><div class=\"swiper-slide\">\n\n<div class=\"grid\">\n\t<a href=\"https:\/\/www.familinparis.fr\/en\/accrocamp-paris-jablines\/\" target=\"_self\">\n\t    <div class=\"image\" style=\"background-image:url('https:\/\/www.familinparis.fr\/wp-content\/uploads\/2021\/10\/accrocamp-accrobranche-jablines-564x282.jpg')\">\n\t    \t\t\t\t\t    <\/div>\n\t    <div class=\"texte\">\n\t        <h5><\/h5>\n\t        <h3>AccroCamp Paris-Jablines<\/h3>\n\t        <div class=\"tags\">\n\t        \t\t        \t<span><\/span>\n\t        <\/div>\n\t        <div class=\"bas\">\n        \t\t<div class=\"prix\">\n        \t\t\t        \t\t<\/div>\n            \t<div class=\"review-stars\" data-productId=\"\">\n            \t<\/div>\n\t        <\/div>\n\t    <\/div>\n\t<\/a>\n<\/div><\/div><div class=\"swiper-slide\">\n\n<div class=\"grid\">\n\t<a href=\"https:\/\/www.familinparis.fr\/en\/provins-and-its-surroundings-with-the-family\/\" target=\"_self\">\n\t    <div class=\"image\" style=\"background-image:url('https:\/\/www.familinparis.fr\/wp-content\/uploads\/Chateaux\/provins\/provin-PLD-564x282.jpg')\">\n\t    \t\t\t\t\t    <\/div>\n\t    <div class=\"texte\">\n\t        <h5><\/h5>\n\t        <h3>Provins and its surroundings with the family<\/h3>\n\t        <div class=\"tags\">\n\t        \t\t        \t<span><\/span>\n\t        <\/div>\n\t        <div class=\"bas\">\n        \t\t<div class=\"prix\">\n        \t\t\t        \t\t<\/div>\n            \t<div class=\"review-stars\" data-productId=\"\">\n            \t<\/div>\n\t        <\/div>\n\t    <\/div>\n\t<\/a>\n<\/div><\/div>        <\/div>\n    <\/div>\n    \n            <div class=\"col-12 t-center m-b-20\">\n            <div class=\"labels__fam\">\n                                    <a href=\"\/sortie-en-ile-de-france\/\" class=\"labels__fam-color-secondary labels__fam-radius-rounded\">\n                        All our outings in Ile-de-France                    <\/a>\n                            <\/div>\n        <\/div>\n    <\/div>\n\n<\/div>\n<div style=\"height:30px\" aria-hidden=\"true\" class=\"wp-block-spacer\"><\/div>\n<div class=\"lazyblock-grids-1eyzPV wp-block-lazyblock-grids\"><!--\n<div class=\"row new-grids grids-style-2\">\n    <div class=\"glide grid-carousel\">\n        <div class=\"grid-title grid-carousel--title\">\n            <div>\n                                    <h2>Castles to visit around Paris<\/h2>\n                                                    <p>Visiting a castle with your family is always a good idea!<\/p>\n                            <\/div>\n            <div>\n                <div class=\"glide__arrows\" data-glide-el=\"controls\">\n                    <button class=\"glide__arrow glide__arrow--left\" data-glide-dir=\"|&lt;\"><i class=\"fa fa-angle-left\"><\/i><\/button>\n                    <button class=\"glide__arrow glide__arrow--right\" data-glide-dir=\"|&gt;\"><i class=\"fa fa-angle-right\"><\/i><\/button>\n                <\/div>\n            <\/div>\n        <\/div>\n        \n        <div class=\"glide__track\" data-glide-el=\"track\">\n            <ul class=\"glide__slides\">\n                <li class=\"glide__slide\">\n\n<div class=\"grid\">\n\t<a href=\"https:\/\/www.familinparis.fr\/en\/the-castle-of-vaux-le-vicomte\/\" target=\"_self\">\n\t    <div class=\"image\" style=\"background-image:url('https:\/\/www.familinparis.fr\/wp-content\/uploads\/Chateaux\/vaux-le-vicomte\/Vaux-le-vicomte-dome-@FamilinParis-564x282.jpg')\">\n\t    \t\t\t\t\t    <\/div>\n\t    <div class=\"texte\">\n\t        <h5><\/h5>\n\t        <h3>The castle of Vaux-le-Vicomte<\/h3>\n\t        <div class=\"tags\">\n\t        \t\t        \t<span><\/span>\n\t        <\/div>\n\t        <div class=\"bas\">\n        \t\t<div class=\"prix\">\n        \t\t\t        \t\t<\/div>\n            \t<div class=\"review-stars\" data-productId=\"\">\n            \t<\/div>\n\t        <\/div>\n\t    <\/div>\n\t<\/a>\n<\/div><\/li><li class=\"glide__slide\">\n\n<div class=\"grid\">\n\t<a href=\"https:\/\/www.familinparis.fr\/en\/les-grandes-eaux-musicales\/\" target=\"_self\">\n\t    <div class=\"image\" style=\"background-image:url('https:\/\/www.familinparis.fr\/wp-content\/uploads\/Chateaux\/Versailles\/Versailles-fontaines-PLD-564x282.jpg')\">\n\t    \t\t    \t<div class=\"dateOnImg\">Until November 1, 2026<\/div>\n\t    \t\t\t\t\t    <\/div>\n\t    <div class=\"texte\">\n\t        <h5>Palace of Versailles Park (78)<\/h5>\n\t        <h3>The Musical Fountains Show<\/h3>\n\t        <div class=\"tags\">\n\t        \t\t        \t\t<span>Park<\/span>\n\t        \t\t        \t<span>Min 2 hours<\/span>\n\t        <\/div>\n\t        <div class=\"bas\">\n        \t\t<div class=\"prix\">\n        \t\t\t        \t\t<\/div>\n            \t<div class=\"review-stars\" data-productId=\"\">\n            \t<\/div>\n\t        <\/div>\n\t    <\/div>\n\t<\/a>\n<\/div><\/li><li class=\"glide__slide\">\n\n<div class=\"grid\">\n\t<a href=\"https:\/\/www.familinparis.fr\/en\/the-great-day-of-the-costumed-at-the-chateau-de-vaux-le-vicomte\/\" target=\"_self\">\n\t    <div class=\"image\" style=\"background-image:url('https:\/\/www.familinparis.fr\/wp-content\/uploads\/photos-familinparis-2021\/chateau\/deguisement-enfant-chateau-de-vaux-le-vicomte-564x282.jpg')\">\n\t    \t\t\t\t\t    <\/div>\n\t    <div class=\"texte\">\n\t        <h5><\/h5>\n\t        <h3>The Great Day of the Costumed at the Ch\u00e2teau de Vaux le Vicomte<\/h3>\n\t        <div class=\"tags\">\n\t        \t\t        \t<span><\/span>\n\t        <\/div>\n\t        <div class=\"bas\">\n        \t\t<div class=\"prix\">\n        \t\t\t        \t\t<\/div>\n            \t<div class=\"review-stars\" data-productId=\"\">\n            \t<\/div>\n\t        <\/div>\n\t    <\/div>\n\t<\/a>\n<\/div><\/li><li class=\"glide__slide\">\n\n<div class=\"grid\">\n\t<a href=\"https:\/\/www.familinparis.fr\/en\/la-serenade-royale-galerie-des-glaces-chateau-de-versailles\/\" target=\"_self\">\n\t    <div class=\"image\" style=\"background-image:url('https:\/\/www.familinparis.fr\/wp-content\/uploads\/2025\/06\/affichesserenaderoyale40x601_1737543649-564x282.jpg')\">\n\t    \t\t    \t<div class=\"dateOnImg\">From June 6 to September 19, 2026<\/div>\n\t    \t\t\t\t\t    <\/div>\n\t    <div class=\"texte\">\n\t        <h5>At the Palace of Versailles  <\/h5>\n\t        <h3>The Royal Serenade in the Hall of Mirrors<\/h3>\n\t        <div class=\"tags\">\n\t        \t\t        \t\t<span>Show Tour<\/span>\n\t        \t\t        \t<span>50 min<\/span>\n\t        <\/div>\n\t        <div class=\"bas\">\n        \t\t<div class=\"prix\">\n        \t\t\t        \t\t<\/div>\n            \t<div class=\"review-stars\" data-productId=\"\">\n            \t<\/div>\n\t        <\/div>\n\t    <\/div>\n\t<\/a>\n<\/div><\/li><li class=\"glide__slide\">\n\n<div class=\"grid\">\n\t<a href=\"https:\/\/www.familinparis.fr\/en\/palace-of-versailles\/\" target=\"_self\">\n\t    <div class=\"image\" style=\"background-image:url('https:\/\/www.familinparis.fr\/wp-content\/uploads\/photos-familinparis-2021\/monument\/la-galerie-des-glaces-chateau-de-versailles-\u00a9FamilinParis-564x282.jpg')\">\n\t    \t\t    \t<div class=\"dateOnImg\">All year round<\/div>\n\t    \t\t\t\t\t    <\/div>\n\t    <div class=\"texte\">\n\t        <h5>In the Yvelines (78)<\/h5>\n\t        <h3>Fun activities and outings in Versailles<\/h3>\n\t        <div class=\"tags\">\n\t        \t\t        \t\t<span>All audiences<\/span>\n\t        \t\t        \t<span><\/span>\n\t        <\/div>\n\t        <div class=\"bas\">\n        \t\t<div class=\"prix\">\n        \t\t\t        \t\t<\/div>\n            \t<div class=\"review-stars\" data-productId=\"\">\n            \t<\/div>\n\t        <\/div>\n\t    <\/div>\n\t<\/a>\n<\/div><\/li><li class=\"glide__slide\">\n\n<div class=\"grid\">\n\t<a href=\"https:\/\/www.familinparis.fr\/en\/the-palace-of-versailles-and-its-gardens\/\" target=\"_self\">\n\t    <div class=\"image\" style=\"background-image:url('https:\/\/www.familinparis.fr\/wp-content\/uploads\/2025\/05\/\u00a9-THOMAS-GARNIER_drone-Versailles\u00a9THOMAS-GARNIER_DSC00404-564x282.jpg')\">\n\t    \t\t    \t<div class=\"dateOnImg\">Closed on Mondays<\/div>\n\t    \t\t\t\t\t    <\/div>\n\t    <div class=\"texte\">\n\t        <h5>In the Yvelines (78)<\/h5>\n\t        <h3>The Palace of Versailles and its gardens<\/h3>\n\t        <div class=\"tags\">\n\t        \t\t        \t\t<span>All audiences<\/span>\n\t        \t\t        \t<span><\/span>\n\t        <\/div>\n\t        <div class=\"bas\">\n        \t\t<div class=\"prix\">\n        \t\t\t        \t\t<\/div>\n            \t<div class=\"review-stars\" data-productId=\"\">\n            \t<\/div>\n\t        <\/div>\n\t    <\/div>\n\t<\/a>\n<\/div><\/li><li class=\"glide__slide\">\n\n<div class=\"grid\">\n\t<a href=\"https:\/\/www.familinparis.fr\/en\/the-estate-of-trianon\/\" target=\"_self\">\n\t    <div class=\"image\" style=\"background-image:url('https:\/\/www.familinparis.fr\/wp-content\/uploads\/Chateaux\/Versailles\/le-petit-trianon-a-versailles-78-564x282.jpg')\">\n\t    \t\t\t\t\t    <\/div>\n\t    <div class=\"texte\">\n\t        <h5><\/h5>\n\t        <h3>The Estate of Trianon<\/h3>\n\t        <div class=\"tags\">\n\t        \t\t        \t<span><\/span>\n\t        <\/div>\n\t        <div class=\"bas\">\n        \t\t<div class=\"prix\">\n        \t\t\t        \t\t<\/div>\n            \t<div class=\"review-stars\" data-productId=\"\">\n            \t<\/div>\n\t        <\/div>\n\t    <\/div>\n\t<\/a>\n<\/div><\/li><li class=\"glide__slide\">\n\n<div class=\"grid\">\n\t<a href=\"https:\/\/www.familinparis.fr\/en\/european-museum-night\/\" target=\"_self\">\n\t    <div class=\"image\" style=\"background-image:url('https:\/\/www.familinparis.fr\/wp-content\/uploads\/2025\/05\/affiche-pour-La-Nuit-Europeenne-des-Musees-2026-2.jpg')\">\n\t    \t\t    \t<div class=\"dateOnImg\">Le 17 mai 2025<\/div>\n\t    \t\t\t\t\t    <\/div>\n\t    <div class=\"texte\">\n\t        <h5>A Paris et Ile de France<\/h5>\n\t        <h3>The European Night of Museums 2025<\/h3>\n\t        <div class=\"tags\">\n\t        \t\t        \t\t<span>Tout public<\/span>\n\t        \t\t        \t<span>Toute la nuit<\/span>\n\t        <\/div>\n\t        <div class=\"bas\">\n        \t\t<div class=\"prix\">\n        \t\t\t        \t\t<\/div>\n            \t<div class=\"review-stars\" data-productId=\"\">\n            \t<\/div>\n\t        <\/div>\n\t    <\/div>\n\t<\/a>\n<\/div><\/li><li class=\"glide__slide\">\n\n<div class=\"grid\">\n\t<a href=\"https:\/\/www.familinparis.fr\/en\/if-versailles-was-told-to-me-private-tour\/\" target=\"_self\">\n\t    <div class=\"image\" style=\"background-image:url('https:\/\/www.familinparis.fr\/wp-content\/uploads\/2023\/08\/visite-versailles-famille-564x282.jpg')\">\n\t    \t\t\t\t\t    <\/div>\n\t    <div class=\"texte\">\n\t        <h5><\/h5>\n\t        <h3>If Versailles was told to me (private tour)<\/h3>\n\t        <div class=\"tags\">\n\t        \t\t        \t<span><\/span>\n\t        <\/div>\n\t        <div class=\"bas\">\n        \t\t<div class=\"prix\">\n        \t\t\t        \t\t<\/div>\n            \t<div class=\"review-stars\" data-productId=\"186\">\n            \t<\/div>\n\t        <\/div>\n\t    <\/div>\n\t<\/a>\n<\/div><\/li><li class=\"glide__slide\">\n\n<div class=\"grid\">\n\t<a href=\"https:\/\/www.familinparis.fr\/en\/the-castle-of-rambouillet\/\" target=\"_self\">\n\t    <div class=\"image\" style=\"background-image:url('https:\/\/www.familinparis.fr\/wp-content\/uploads\/Chateaux\/Rambouillet\/rambouillet-sh_1780208744-564x282.jpg')\">\n\t    \t\t\t\t\t    <\/div>\n\t    <div class=\"texte\">\n\t        <h5><\/h5>\n\t        <h3>The castle of Rambouillet<\/h3>\n\t        <div class=\"tags\">\n\t        \t\t        \t<span><\/span>\n\t        <\/div>\n\t        <div class=\"bas\">\n        \t\t<div class=\"prix\">\n        \t\t\t        \t\t<\/div>\n            \t<div class=\"review-stars\" data-productId=\"\">\n            \t<\/div>\n\t        <\/div>\n\t    <\/div>\n\t<\/a>\n<\/div><\/li><li class=\"glide__slide\">\n\n<div class=\"grid\">\n\t<a href=\"https:\/\/www.familinparis.fr\/en\/grandes-eaux-nocturnes-versailles\/\" target=\"_self\">\n\t    <div class=\"image\" style=\"background-image:url('https:\/\/www.familinparis.fr\/wp-content\/uploads\/Chateaux\/Versailles\/grandes-eaux-nocturnes-564x282.jpg')\">\n\t    \t\t    \t<div class=\"dateOnImg\">Until September 19, 2026<\/div>\n\t    \t\t\t\t\t    <\/div>\n\t    <div class=\"texte\">\n\t        <h5>Gardens of the Palace of Versailles (78)<\/h5>\n\t        <h3>The Night Fountains Show<\/h3>\n\t        <div class=\"tags\">\n\t        \t\t        \t\t<span>Nighttime<\/span>\n\t        \t\t        \t<span>2h30<\/span>\n\t        <\/div>\n\t        <div class=\"bas\">\n        \t\t<div class=\"prix\">\n        \t\t\t        \t\t<\/div>\n            \t<div class=\"review-stars\" data-productId=\"\">\n            \t<\/div>\n\t        <\/div>\n\t    <\/div>\n\t<\/a>\n<\/div><\/li><li class=\"glide__slide\">\n\n<div class=\"grid\">\n\t<a href=\"https:\/\/www.familinparis.fr\/en\/the-chateau-de-vincennes\/\" target=\"_self\">\n\t    <div class=\"image\" style=\"background-image:url('https:\/\/www.familinparis.fr\/wp-content\/uploads\/Chateaux\/vincennes\/le-chateau-de-vincennes-PLD-564x282.jpg')\">\n\t    \t\t\t\t\t    <\/div>\n\t    <div class=\"texte\">\n\t        <h5><\/h5>\n\t        <h3>The Ch\u00e2teau de Vincennes<\/h3>\n\t        <div class=\"tags\">\n\t        \t\t        \t<span><\/span>\n\t        <\/div>\n\t        <div class=\"bas\">\n        \t\t<div class=\"prix\">\n        \t\t\t        \t\t<\/div>\n            \t<div class=\"review-stars\" data-productId=\"\">\n            \t<\/div>\n\t        <\/div>\n\t    <\/div>\n\t<\/a>\n<\/div><\/li><li class=\"glide__slide\">\n\n<div class=\"grid\">\n\t<a href=\"https:\/\/www.familinparis.fr\/en\/the-castle-of-malmaison-and-bois-preau\/\" target=\"_self\">\n\t    <div class=\"image\" style=\"background-image:url('https:\/\/www.familinparis.fr\/wp-content\/uploads\/Chateaux\/Malmaison\/chateau-de-malmaison-FLD-564x282.jpg')\">\n\t    \t\t\t\t\t    <\/div>\n\t    <div class=\"texte\">\n\t        <h5><\/h5>\n\t        <h3>The castle of Malmaison and Bois-Pr\u00e9au<\/h3>\n\t        <div class=\"tags\">\n\t        \t\t        \t<span><\/span>\n\t        <\/div>\n\t        <div class=\"bas\">\n        \t\t<div class=\"prix\">\n        \t\t\t        \t\t<\/div>\n            \t<div class=\"review-stars\" data-productId=\"\">\n            \t<\/div>\n\t        <\/div>\n\t    <\/div>\n\t<\/a>\n<\/div><\/li><li class=\"glide__slide\">\n\n<div class=\"grid\">\n\t<a href=\"https:\/\/www.familinparis.fr\/en\/the-chateau-de-chantilly\/\" target=\"_self\">\n\t    <div class=\"image\" style=\"background-image:url('https:\/\/www.familinparis.fr\/wp-content\/uploads\/Chateaux\/chantilly\/le-chateau-de-chantilly-PLD-564x282.jpg')\">\n\t    \t\t\t\t\t    <\/div>\n\t    <div class=\"texte\">\n\t        <h5><\/h5>\n\t        <h3>The Ch\u00e2teau de Chantilly<\/h3>\n\t        <div class=\"tags\">\n\t        \t\t        \t<span><\/span>\n\t        <\/div>\n\t        <div class=\"bas\">\n        \t\t<div class=\"prix\">\n        \t\t\t        \t\t<\/div>\n            \t<div class=\"review-stars\" data-productId=\"\">\n            \t<\/div>\n\t        <\/div>\n\t    <\/div>\n\t<\/a>\n<\/div><\/li><li class=\"glide__slide\">\n\n<div class=\"grid\">\n\t<a href=\"https:\/\/www.familinparis.fr\/en\/the-castle-of-champs-sur-marne\/\" target=\"_self\">\n\t    <div class=\"image\" style=\"background-image:url('https:\/\/www.familinparis.fr\/wp-content\/uploads\/Chateaux\/champs-sur-marne\/le-chateau-de-champs-sur-marne-PLD-564x282.jpg')\">\n\t    \t\t\t\t\t    <\/div>\n\t    <div class=\"texte\">\n\t        <h5><\/h5>\n\t        <h3>The castle of Champs-sur-Marne<\/h3>\n\t        <div class=\"tags\">\n\t        \t\t        \t<span><\/span>\n\t        <\/div>\n\t        <div class=\"bas\">\n        \t\t<div class=\"prix\">\n        \t\t\t        \t\t<\/div>\n            \t<div class=\"review-stars\" data-productId=\"\">\n            \t<\/div>\n\t        <\/div>\n\t    <\/div>\n\t<\/a>\n<\/div><\/li><li class=\"glide__slide\">\n\n<div class=\"grid\">\n\t<a href=\"https:\/\/www.familinparis.fr\/en\/the-castle-of-breteuil\/\" target=\"_self\">\n\t    <div class=\"image\" style=\"background-image:url('https:\/\/www.familinparis.fr\/wp-content\/uploads\/Chateaux\/Breteuil\/chateau-de-breteuil-sh_770210689-564x282.jpg')\">\n\t    \t\t\t\t\t    <\/div>\n\t    <div class=\"texte\">\n\t        <h5><\/h5>\n\t        <h3>The castle of Breteuil<\/h3>\n\t        <div class=\"tags\">\n\t        \t\t        \t<span><\/span>\n\t        <\/div>\n\t        <div class=\"bas\">\n        \t\t<div class=\"prix\">\n        \t\t\t        \t\t<\/div>\n            \t<div class=\"review-stars\" data-productId=\"\">\n            \t<\/div>\n\t        <\/div>\n\t    <\/div>\n\t<\/a>\n<\/div><\/li><li class=\"glide__slide\">\n\n<div class=\"grid\">\n\t<a href=\"https:\/\/www.familinparis.fr\/en\/the-chateau-de-fontainebleau\/\" target=\"_self\">\n\t    <div class=\"image\" style=\"background-image:url('https:\/\/www.familinparis.fr\/wp-content\/uploads\/Chateaux\/Fontainebleau\/le-chateau-de-fontainebleau-FLD-564x282.jpg')\">\n\t    \t\t\t\t\t    <\/div>\n\t    <div class=\"texte\">\n\t        <h5><\/h5>\n\t        <h3>The Ch\u00e2teau de Fontainebleau<\/h3>\n\t        <div class=\"tags\">\n\t        \t\t        \t<span><\/span>\n\t        <\/div>\n\t        <div class=\"bas\">\n        \t\t<div class=\"prix\">\n        \t\t\t        \t\t<\/div>\n            \t<div class=\"review-stars\" data-productId=\"\">\n            \t<\/div>\n\t        <\/div>\n\t    <\/div>\n\t<\/a>\n<\/div><\/li><li class=\"glide__slide\">\n\n<div class=\"grid\">\n\t<a href=\"https:\/\/www.familinparis.fr\/en\/the-castle-of-pierrefonds\/\" target=\"_self\">\n\t    <div class=\"image\" style=\"background-image:url('https:\/\/www.familinparis.fr\/wp-content\/uploads\/Chateaux\/pierrefonds\/le-chateau-de-pierrefonds-60-PLD-564x282.jpg')\">\n\t    \t\t\t\t\t    <\/div>\n\t    <div class=\"texte\">\n\t        <h5><\/h5>\n\t        <h3>The castle of Pierrefonds<\/h3>\n\t        <div class=\"tags\">\n\t        \t\t        \t<span><\/span>\n\t        <\/div>\n\t        <div class=\"bas\">\n        \t\t<div class=\"prix\">\n        \t\t\t        \t\t<\/div>\n            \t<div class=\"review-stars\" data-productId=\"\">\n            \t<\/div>\n\t        <\/div>\n\t    <\/div>\n\t<\/a>\n<\/div><\/li>            <\/ul>\n        <\/div>\n    <\/div>\n    \n            <div class=\"col-12 t-center m-b-20\">\n            <div class=\"labels__fam\">\n                                    <a href=\"\/chateau-ile-de-france\/\" class=\"labels__fam-color-secondary labels__fam-radius-rounded\">\n                        SEE ALL CASTLES IN ILE-DE-FRANCE                      <\/a>\n                            <\/div>\n        <\/div>\n    <\/div>\n-->\n<style type=\"text\/css\">\n    .swiper{\n        width: 100%;\n    }\n    .grid-carousel__arrows {\n        display: flex;\n        gap: 1rem;\n\n    }\n    button.grid-carousel__arrow {\n        background: #008098;\n        border-radius: 50%;\n        height: 50px;\n        width: 50px;\n        border: 2px solid #008098;\n        color: #ffff;\n        padding: 0px;\n        text-align: center;\n    }\n\n    button.grid-carousel__arrow.swiper-button-disabled{\n        opacity: .15;\n    }\n    .grid-carousel .swiper-slide {\n         min-width: 300px;\n    }\n    @media (max-width: 799px) {\n        .grid-carousel__arrows {\n            display: none;\n        }\n        .grid-carousel .swiper-slide {\n            width: 40%;\n        }\n    }\n    @media (max-width: 529px) {\n        .grid-carousel .swiper-slide {\n            width: 75%;\n        }\n    }\n<\/style>\n\n<div class=\"row new-grids grids-style-2\">\n    <div class=\"swiper grid-carousel\">\n        <div class=\"grid-title grid-carousel--title\">\n            <div>\n                                    <h2>Castles to visit around Paris<\/h2>\n                                                    <p>Visiting a castle with your family is always a good idea!<\/p>\n                            <\/div>\n            <div>\n                <div class=\"grid-carousel__arrows\">\n                    <button class=\"grid-carousel__arrow grid-carousel__arrow--left\">\n                        <i class=\"fa fa-angle-left\"><\/i>\n                    <\/button>\n                    <button class=\"grid-carousel__arrow grid-carousel__arrow--right\">\n                        <i class=\"fa fa-angle-right\"><\/i>\n                    <\/button>\n                <\/div>\n            <\/div>\n        <\/div>\n        \n        <div class=\"swiper-wrapper\">\n            <div class=\"swiper-slide\">\n\n<div class=\"grid\">\n\t<a href=\"https:\/\/www.familinparis.fr\/en\/the-castle-of-vaux-le-vicomte\/\" target=\"_self\">\n\t    <div class=\"image\" style=\"background-image:url('https:\/\/www.familinparis.fr\/wp-content\/uploads\/Chateaux\/vaux-le-vicomte\/Vaux-le-vicomte-dome-@FamilinParis-564x282.jpg')\">\n\t    \t\t\t\t\t    <\/div>\n\t    <div class=\"texte\">\n\t        <h5><\/h5>\n\t        <h3>The castle of Vaux-le-Vicomte<\/h3>\n\t        <div class=\"tags\">\n\t        \t\t        \t<span><\/span>\n\t        <\/div>\n\t        <div class=\"bas\">\n        \t\t<div class=\"prix\">\n        \t\t\t        \t\t<\/div>\n            \t<div class=\"review-stars\" data-productId=\"\">\n            \t<\/div>\n\t        <\/div>\n\t    <\/div>\n\t<\/a>\n<\/div><\/div><div class=\"swiper-slide\">\n\n<div class=\"grid\">\n\t<a href=\"https:\/\/www.familinparis.fr\/en\/les-grandes-eaux-musicales\/\" target=\"_self\">\n\t    <div class=\"image\" style=\"background-image:url('https:\/\/www.familinparis.fr\/wp-content\/uploads\/Chateaux\/Versailles\/Versailles-fontaines-PLD-564x282.jpg')\">\n\t    \t\t    \t<div class=\"dateOnImg\">Until November 1, 2026<\/div>\n\t    \t\t\t\t\t    <\/div>\n\t    <div class=\"texte\">\n\t        <h5>Palace of Versailles Park (78)<\/h5>\n\t        <h3>The Musical Fountains Show<\/h3>\n\t        <div class=\"tags\">\n\t        \t\t        \t\t<span>Park<\/span>\n\t        \t\t        \t<span>Min 2 hours<\/span>\n\t        <\/div>\n\t        <div class=\"bas\">\n        \t\t<div class=\"prix\">\n        \t\t\t        \t\t<\/div>\n            \t<div class=\"review-stars\" data-productId=\"\">\n            \t<\/div>\n\t        <\/div>\n\t    <\/div>\n\t<\/a>\n<\/div><\/div><div class=\"swiper-slide\">\n\n<div class=\"grid\">\n\t<a href=\"https:\/\/www.familinparis.fr\/en\/the-great-day-of-the-costumed-at-the-chateau-de-vaux-le-vicomte\/\" target=\"_self\">\n\t    <div class=\"image\" style=\"background-image:url('https:\/\/www.familinparis.fr\/wp-content\/uploads\/photos-familinparis-2021\/chateau\/deguisement-enfant-chateau-de-vaux-le-vicomte-564x282.jpg')\">\n\t    \t\t\t\t\t    <\/div>\n\t    <div class=\"texte\">\n\t        <h5><\/h5>\n\t        <h3>The Great Day of the Costumed at the Ch\u00e2teau de Vaux le Vicomte<\/h3>\n\t        <div class=\"tags\">\n\t        \t\t        \t<span><\/span>\n\t        <\/div>\n\t        <div class=\"bas\">\n        \t\t<div class=\"prix\">\n        \t\t\t        \t\t<\/div>\n            \t<div class=\"review-stars\" data-productId=\"\">\n            \t<\/div>\n\t        <\/div>\n\t    <\/div>\n\t<\/a>\n<\/div><\/div><div class=\"swiper-slide\">\n\n<div class=\"grid\">\n\t<a href=\"https:\/\/www.familinparis.fr\/en\/la-serenade-royale-galerie-des-glaces-chateau-de-versailles\/\" target=\"_self\">\n\t    <div class=\"image\" style=\"background-image:url('https:\/\/www.familinparis.fr\/wp-content\/uploads\/2025\/06\/affichesserenaderoyale40x601_1737543649-564x282.jpg')\">\n\t    \t\t    \t<div class=\"dateOnImg\">From June 6 to September 19, 2026<\/div>\n\t    \t\t\t\t\t    <\/div>\n\t    <div class=\"texte\">\n\t        <h5>At the Palace of Versailles  <\/h5>\n\t        <h3>The Royal Serenade in the Hall of Mirrors<\/h3>\n\t        <div class=\"tags\">\n\t        \t\t        \t\t<span>Show Tour<\/span>\n\t        \t\t        \t<span>50 min<\/span>\n\t        <\/div>\n\t        <div class=\"bas\">\n        \t\t<div class=\"prix\">\n        \t\t\t        \t\t<\/div>\n            \t<div class=\"review-stars\" data-productId=\"\">\n            \t<\/div>\n\t        <\/div>\n\t    <\/div>\n\t<\/a>\n<\/div><\/div><div class=\"swiper-slide\">\n\n<div class=\"grid\">\n\t<a href=\"https:\/\/www.familinparis.fr\/en\/palace-of-versailles\/\" target=\"_self\">\n\t    <div class=\"image\" style=\"background-image:url('https:\/\/www.familinparis.fr\/wp-content\/uploads\/photos-familinparis-2021\/monument\/la-galerie-des-glaces-chateau-de-versailles-\u00a9FamilinParis-564x282.jpg')\">\n\t    \t\t    \t<div class=\"dateOnImg\">All year round<\/div>\n\t    \t\t\t\t\t    <\/div>\n\t    <div class=\"texte\">\n\t        <h5>In the Yvelines (78)<\/h5>\n\t        <h3>Fun activities and outings in Versailles<\/h3>\n\t        <div class=\"tags\">\n\t        \t\t        \t\t<span>All audiences<\/span>\n\t        \t\t        \t<span><\/span>\n\t        <\/div>\n\t        <div class=\"bas\">\n        \t\t<div class=\"prix\">\n        \t\t\t        \t\t<\/div>\n            \t<div class=\"review-stars\" data-productId=\"\">\n            \t<\/div>\n\t        <\/div>\n\t    <\/div>\n\t<\/a>\n<\/div><\/div><div class=\"swiper-slide\">\n\n<div class=\"grid\">\n\t<a href=\"https:\/\/www.familinparis.fr\/en\/the-palace-of-versailles-and-its-gardens\/\" target=\"_self\">\n\t    <div class=\"image\" style=\"background-image:url('https:\/\/www.familinparis.fr\/wp-content\/uploads\/2025\/05\/\u00a9-THOMAS-GARNIER_drone-Versailles\u00a9THOMAS-GARNIER_DSC00404-564x282.jpg')\">\n\t    \t\t    \t<div class=\"dateOnImg\">Closed on Mondays<\/div>\n\t    \t\t\t\t\t    <\/div>\n\t    <div class=\"texte\">\n\t        <h5>In the Yvelines (78)<\/h5>\n\t        <h3>The Palace of Versailles and its gardens<\/h3>\n\t        <div class=\"tags\">\n\t        \t\t        \t\t<span>All audiences<\/span>\n\t        \t\t        \t<span><\/span>\n\t        <\/div>\n\t        <div class=\"bas\">\n        \t\t<div class=\"prix\">\n        \t\t\t        \t\t<\/div>\n            \t<div class=\"review-stars\" data-productId=\"\">\n            \t<\/div>\n\t        <\/div>\n\t    <\/div>\n\t<\/a>\n<\/div><\/div><div class=\"swiper-slide\">\n\n<div class=\"grid\">\n\t<a href=\"https:\/\/www.familinparis.fr\/en\/the-estate-of-trianon\/\" target=\"_self\">\n\t    <div class=\"image\" style=\"background-image:url('https:\/\/www.familinparis.fr\/wp-content\/uploads\/Chateaux\/Versailles\/le-petit-trianon-a-versailles-78-564x282.jpg')\">\n\t    \t\t\t\t\t    <\/div>\n\t    <div class=\"texte\">\n\t        <h5><\/h5>\n\t        <h3>The Estate of Trianon<\/h3>\n\t        <div class=\"tags\">\n\t        \t\t        \t<span><\/span>\n\t        <\/div>\n\t        <div class=\"bas\">\n        \t\t<div class=\"prix\">\n        \t\t\t        \t\t<\/div>\n            \t<div class=\"review-stars\" data-productId=\"\">\n            \t<\/div>\n\t        <\/div>\n\t    <\/div>\n\t<\/a>\n<\/div><\/div><div class=\"swiper-slide\">\n\n<div class=\"grid\">\n\t<a href=\"https:\/\/www.familinparis.fr\/en\/european-museum-night\/\" target=\"_self\">\n\t    <div class=\"image\" style=\"background-image:url('https:\/\/www.familinparis.fr\/wp-content\/uploads\/2025\/05\/affiche-pour-La-Nuit-Europeenne-des-Musees-2026-2.jpg')\">\n\t    \t\t    \t<div class=\"dateOnImg\">Le 17 mai 2025<\/div>\n\t    \t\t\t\t\t    <\/div>\n\t    <div class=\"texte\">\n\t        <h5>A Paris et Ile de France<\/h5>\n\t        <h3>The European Night of Museums 2025<\/h3>\n\t        <div class=\"tags\">\n\t        \t\t        \t\t<span>Tout public<\/span>\n\t        \t\t        \t<span>Toute la nuit<\/span>\n\t        <\/div>\n\t        <div class=\"bas\">\n        \t\t<div class=\"prix\">\n        \t\t\t        \t\t<\/div>\n            \t<div class=\"review-stars\" data-productId=\"\">\n            \t<\/div>\n\t        <\/div>\n\t    <\/div>\n\t<\/a>\n<\/div><\/div><div class=\"swiper-slide\">\n\n<div class=\"grid\">\n\t<a href=\"https:\/\/www.familinparis.fr\/en\/if-versailles-was-told-to-me-private-tour\/\" target=\"_self\">\n\t    <div class=\"image\" style=\"background-image:url('https:\/\/www.familinparis.fr\/wp-content\/uploads\/2023\/08\/visite-versailles-famille-564x282.jpg')\">\n\t    \t\t\t\t\t    <\/div>\n\t    <div class=\"texte\">\n\t        <h5><\/h5>\n\t        <h3>If Versailles was told to me (private tour)<\/h3>\n\t        <div class=\"tags\">\n\t        \t\t        \t<span><\/span>\n\t        <\/div>\n\t        <div class=\"bas\">\n        \t\t<div class=\"prix\">\n        \t\t\t        \t\t<\/div>\n            \t<div class=\"review-stars\" data-productId=\"186\">\n            \t<\/div>\n\t        <\/div>\n\t    <\/div>\n\t<\/a>\n<\/div><\/div><div class=\"swiper-slide\">\n\n<div class=\"grid\">\n\t<a href=\"https:\/\/www.familinparis.fr\/en\/the-castle-of-rambouillet\/\" target=\"_self\">\n\t    <div class=\"image\" style=\"background-image:url('https:\/\/www.familinparis.fr\/wp-content\/uploads\/Chateaux\/Rambouillet\/rambouillet-sh_1780208744-564x282.jpg')\">\n\t    \t\t\t\t\t    <\/div>\n\t    <div class=\"texte\">\n\t        <h5><\/h5>\n\t        <h3>The castle of Rambouillet<\/h3>\n\t        <div class=\"tags\">\n\t        \t\t        \t<span><\/span>\n\t        <\/div>\n\t        <div class=\"bas\">\n        \t\t<div class=\"prix\">\n        \t\t\t        \t\t<\/div>\n            \t<div class=\"review-stars\" data-productId=\"\">\n            \t<\/div>\n\t        <\/div>\n\t    <\/div>\n\t<\/a>\n<\/div><\/div><div class=\"swiper-slide\">\n\n<div class=\"grid\">\n\t<a href=\"https:\/\/www.familinparis.fr\/en\/grandes-eaux-nocturnes-versailles\/\" target=\"_self\">\n\t    <div class=\"image\" style=\"background-image:url('https:\/\/www.familinparis.fr\/wp-content\/uploads\/Chateaux\/Versailles\/grandes-eaux-nocturnes-564x282.jpg')\">\n\t    \t\t    \t<div class=\"dateOnImg\">Until September 19, 2026<\/div>\n\t    \t\t\t\t\t    <\/div>\n\t    <div class=\"texte\">\n\t        <h5>Gardens of the Palace of Versailles (78)<\/h5>\n\t        <h3>The Night Fountains Show<\/h3>\n\t        <div class=\"tags\">\n\t        \t\t        \t\t<span>Nighttime<\/span>\n\t        \t\t        \t<span>2h30<\/span>\n\t        <\/div>\n\t        <div class=\"bas\">\n        \t\t<div class=\"prix\">\n        \t\t\t        \t\t<\/div>\n            \t<div class=\"review-stars\" data-productId=\"\">\n            \t<\/div>\n\t        <\/div>\n\t    <\/div>\n\t<\/a>\n<\/div><\/div><div class=\"swiper-slide\">\n\n<div class=\"grid\">\n\t<a href=\"https:\/\/www.familinparis.fr\/en\/the-chateau-de-vincennes\/\" target=\"_self\">\n\t    <div class=\"image\" style=\"background-image:url('https:\/\/www.familinparis.fr\/wp-content\/uploads\/Chateaux\/vincennes\/le-chateau-de-vincennes-PLD-564x282.jpg')\">\n\t    \t\t\t\t\t    <\/div>\n\t    <div class=\"texte\">\n\t        <h5><\/h5>\n\t        <h3>The Ch\u00e2teau de Vincennes<\/h3>\n\t        <div class=\"tags\">\n\t        \t\t        \t<span><\/span>\n\t        <\/div>\n\t        <div class=\"bas\">\n        \t\t<div class=\"prix\">\n        \t\t\t        \t\t<\/div>\n            \t<div class=\"review-stars\" data-productId=\"\">\n            \t<\/div>\n\t        <\/div>\n\t    <\/div>\n\t<\/a>\n<\/div><\/div><div class=\"swiper-slide\">\n\n<div class=\"grid\">\n\t<a href=\"https:\/\/www.familinparis.fr\/en\/the-castle-of-malmaison-and-bois-preau\/\" target=\"_self\">\n\t    <div class=\"image\" style=\"background-image:url('https:\/\/www.familinparis.fr\/wp-content\/uploads\/Chateaux\/Malmaison\/chateau-de-malmaison-FLD-564x282.jpg')\">\n\t    \t\t\t\t\t    <\/div>\n\t    <div class=\"texte\">\n\t        <h5><\/h5>\n\t        <h3>The castle of Malmaison and Bois-Pr\u00e9au<\/h3>\n\t        <div class=\"tags\">\n\t        \t\t        \t<span><\/span>\n\t        <\/div>\n\t        <div class=\"bas\">\n        \t\t<div class=\"prix\">\n        \t\t\t        \t\t<\/div>\n            \t<div class=\"review-stars\" data-productId=\"\">\n            \t<\/div>\n\t        <\/div>\n\t    <\/div>\n\t<\/a>\n<\/div><\/div><div class=\"swiper-slide\">\n\n<div class=\"grid\">\n\t<a href=\"https:\/\/www.familinparis.fr\/en\/the-chateau-de-chantilly\/\" target=\"_self\">\n\t    <div class=\"image\" style=\"background-image:url('https:\/\/www.familinparis.fr\/wp-content\/uploads\/Chateaux\/chantilly\/le-chateau-de-chantilly-PLD-564x282.jpg')\">\n\t    \t\t\t\t\t    <\/div>\n\t    <div class=\"texte\">\n\t        <h5><\/h5>\n\t        <h3>The Ch\u00e2teau de Chantilly<\/h3>\n\t        <div class=\"tags\">\n\t        \t\t        \t<span><\/span>\n\t        <\/div>\n\t        <div class=\"bas\">\n        \t\t<div class=\"prix\">\n        \t\t\t        \t\t<\/div>\n            \t<div class=\"review-stars\" data-productId=\"\">\n            \t<\/div>\n\t        <\/div>\n\t    <\/div>\n\t<\/a>\n<\/div><\/div><div class=\"swiper-slide\">\n\n<div class=\"grid\">\n\t<a href=\"https:\/\/www.familinparis.fr\/en\/the-castle-of-champs-sur-marne\/\" target=\"_self\">\n\t    <div class=\"image\" style=\"background-image:url('https:\/\/www.familinparis.fr\/wp-content\/uploads\/Chateaux\/champs-sur-marne\/le-chateau-de-champs-sur-marne-PLD-564x282.jpg')\">\n\t    \t\t\t\t\t    <\/div>\n\t    <div class=\"texte\">\n\t        <h5><\/h5>\n\t        <h3>The castle of Champs-sur-Marne<\/h3>\n\t        <div class=\"tags\">\n\t        \t\t        \t<span><\/span>\n\t        <\/div>\n\t        <div class=\"bas\">\n        \t\t<div class=\"prix\">\n        \t\t\t        \t\t<\/div>\n            \t<div class=\"review-stars\" data-productId=\"\">\n            \t<\/div>\n\t        <\/div>\n\t    <\/div>\n\t<\/a>\n<\/div><\/div><div class=\"swiper-slide\">\n\n<div class=\"grid\">\n\t<a href=\"https:\/\/www.familinparis.fr\/en\/the-castle-of-breteuil\/\" target=\"_self\">\n\t    <div class=\"image\" style=\"background-image:url('https:\/\/www.familinparis.fr\/wp-content\/uploads\/Chateaux\/Breteuil\/chateau-de-breteuil-sh_770210689-564x282.jpg')\">\n\t    \t\t\t\t\t    <\/div>\n\t    <div class=\"texte\">\n\t        <h5><\/h5>\n\t        <h3>The castle of Breteuil<\/h3>\n\t        <div class=\"tags\">\n\t        \t\t        \t<span><\/span>\n\t        <\/div>\n\t        <div class=\"bas\">\n        \t\t<div class=\"prix\">\n        \t\t\t        \t\t<\/div>\n            \t<div class=\"review-stars\" data-productId=\"\">\n            \t<\/div>\n\t        <\/div>\n\t    <\/div>\n\t<\/a>\n<\/div><\/div><div class=\"swiper-slide\">\n\n<div class=\"grid\">\n\t<a href=\"https:\/\/www.familinparis.fr\/en\/the-chateau-de-fontainebleau\/\" target=\"_self\">\n\t    <div class=\"image\" style=\"background-image:url('https:\/\/www.familinparis.fr\/wp-content\/uploads\/Chateaux\/Fontainebleau\/le-chateau-de-fontainebleau-FLD-564x282.jpg')\">\n\t    \t\t\t\t\t    <\/div>\n\t    <div class=\"texte\">\n\t        <h5><\/h5>\n\t        <h3>The Ch\u00e2teau de Fontainebleau<\/h3>\n\t        <div class=\"tags\">\n\t        \t\t        \t<span><\/span>\n\t        <\/div>\n\t        <div class=\"bas\">\n        \t\t<div class=\"prix\">\n        \t\t\t        \t\t<\/div>\n            \t<div class=\"review-stars\" data-productId=\"\">\n            \t<\/div>\n\t        <\/div>\n\t    <\/div>\n\t<\/a>\n<\/div><\/div><div class=\"swiper-slide\">\n\n<div class=\"grid\">\n\t<a href=\"https:\/\/www.familinparis.fr\/en\/the-castle-of-pierrefonds\/\" target=\"_self\">\n\t    <div class=\"image\" style=\"background-image:url('https:\/\/www.familinparis.fr\/wp-content\/uploads\/Chateaux\/pierrefonds\/le-chateau-de-pierrefonds-60-PLD-564x282.jpg')\">\n\t    \t\t\t\t\t    <\/div>\n\t    <div class=\"texte\">\n\t        <h5><\/h5>\n\t        <h3>The castle of Pierrefonds<\/h3>\n\t        <div class=\"tags\">\n\t        \t\t        \t<span><\/span>\n\t        <\/div>\n\t        <div class=\"bas\">\n        \t\t<div class=\"prix\">\n        \t\t\t        \t\t<\/div>\n            \t<div class=\"review-stars\" data-productId=\"\">\n            \t<\/div>\n\t        <\/div>\n\t    <\/div>\n\t<\/a>\n<\/div><\/div>        <\/div>\n    <\/div>\n    \n            <div class=\"col-12 t-center m-b-20\">\n            <div class=\"labels__fam\">\n                                    <a href=\"\/chateau-ile-de-france\/\" class=\"labels__fam-color-secondary labels__fam-radius-rounded\">\n                        SEE ALL CASTLES IN ILE-DE-FRANCE                      <\/a>\n                            <\/div>\n        <\/div>\n    <\/div>\n\n<\/div><div class=\"lazyblock-grids-11Mojz wp-block-lazyblock-grids\"><!--\n<div class=\"row new-grids grids-style-2\">\n    <div class=\"glide grid-carousel\">\n        <div class=\"grid-title grid-carousel--title\">\n            <div>\n                                    <h2>The great shows to discover in Paris and around<\/h2>\n                                            <\/div>\n            <div>\n                <div class=\"glide__arrows\" data-glide-el=\"controls\">\n                    <button class=\"glide__arrow glide__arrow--left\" data-glide-dir=\"|&lt;\"><i class=\"fa fa-angle-left\"><\/i><\/button>\n                    <button class=\"glide__arrow glide__arrow--right\" data-glide-dir=\"|&gt;\"><i class=\"fa fa-angle-right\"><\/i><\/button>\n                <\/div>\n            <\/div>\n        <\/div>\n        \n        <div class=\"glide__track\" data-glide-el=\"track\">\n            <ul class=\"glide__slides\">\n                <li class=\"glide__slide\">\n\n<div class=\"grid\">\n\t<a href=\"https:\/\/www.familinparis.fr\/en\/les-grandes-eaux-musicales\/\" target=\"_self\">\n\t    <div class=\"image\" style=\"background-image:url('https:\/\/www.familinparis.fr\/wp-content\/uploads\/Chateaux\/Versailles\/Versailles-fontaines-PLD-564x282.jpg')\">\n\t    \t\t    \t<div class=\"dateOnImg\">Until November 1, 2026<\/div>\n\t    \t\t\t\t\t    <\/div>\n\t    <div class=\"texte\">\n\t        <h5>Palace of Versailles Park (78)<\/h5>\n\t        <h3>The Musical Fountains Show<\/h3>\n\t        <div class=\"tags\">\n\t        \t\t        \t\t<span>Park<\/span>\n\t        \t\t        \t<span>Min 2 hours<\/span>\n\t        <\/div>\n\t        <div class=\"bas\">\n        \t\t<div class=\"prix\">\n        \t\t\t        \t\t<\/div>\n            \t<div class=\"review-stars\" data-productId=\"\">\n            \t<\/div>\n\t        <\/div>\n\t    <\/div>\n\t<\/a>\n<\/div><\/li><li class=\"glide__slide\">\n\n<div class=\"grid\">\n\t<a href=\"https:\/\/www.familinparis.fr\/en\/drone-art-show-at-the-vincennes-racecourse-paris\/\" target=\"_self\">\n\t    <div class=\"image\" style=\"background-image:url('https:\/\/www.familinparis.fr\/wp-content\/uploads\/2026\/03\/drone-3.jpg')\">\n\t    \t\t    \t<div class=\"dateOnImg\">Les 28 et 30 mai 2026<\/div>\n\t    \t\t\t\t\t    <\/div>\n\t    <div class=\"texte\">\n\t        <h5>A l'Hippodrome de Vincennes<\/h5>\n\t        <h3>DroneArt Show Paris<\/h3>\n\t        <div class=\"tags\">\n\t        \t\t        \t\t<span>NOUVEAUT\u00c9<\/span>\n\t        \t\t        \t<span>65mn<\/span>\n\t        <\/div>\n\t        <div class=\"bas\">\n        \t\t<div class=\"prix\">\n        \t\t\t        \t\t<\/div>\n            \t<div class=\"review-stars\" data-productId=\"\">\n            \t<\/div>\n\t        <\/div>\n\t    <\/div>\n\t<\/a>\n<\/div><\/li><li class=\"glide__slide\">\n\n<div class=\"grid\">\n\t<a href=\"https:\/\/www.familinparis.fr\/en\/candlelight-concert-in-paris\/\" target=\"_self\">\n\t    <div class=\"image\" style=\"background-image:url('https:\/\/www.familinparis.fr\/wp-content\/uploads\/2026\/01\/les-concerts-candelight-564x282.jpg')\">\n\t    \t\t    \t<div class=\"dateOnImg\">Nombreuses dates<\/div>\n\t    \t\t\t\t\t\t\t\t<div class=\"rond-blanc-age\"><span>For all<\/span><\/div>\n\t\t\t\t    <\/div>\n\t    <div class=\"texte\">\n\t        <h5>A Paris<\/h5>\n\t        <h3>Les concerts Candlelight<\/h3>\n\t        <div class=\"tags\">\n\t        \t\t        \t\t<span>CONCERTS ATYPIQUES<\/span>\n\t        \t\t        \t<span>1h<\/span>\n\t        <\/div>\n\t        <div class=\"bas\">\n        \t\t<div class=\"prix\">\n        \t\t\t\t        \t\t\t<span>From<\/span>\n\t        \t\t\t<span class=\"\">25\u20ac<\/span>\n\t        \t\t\t\t        \t\t        \t\t<\/div>\n            \t<div class=\"review-stars\" data-productId=\"\">\n            \t<\/div>\n\t        <\/div>\n\t    <\/div>\n\t<\/a>\n<\/div><\/li><li class=\"glide__slide\">\n\n<div class=\"grid\">\n\t<a href=\"https:\/\/www.familinparis.fr\/en\/luminiscence-paris-immersive-show\/\" target=\"_self\">\n\t    <div class=\"image\" style=\"background-image:url('https:\/\/www.familinparis.fr\/wp-content\/uploads\/2024\/03\/luminiscence-saint-eustache-paris-1er-\u00a9Mikhail-Sytenkov-564x282.jpg')\">\n\t    \t\t    \t<div class=\"dateOnImg\">30% OFF<\/div>\n\t    \t\t\t\t\t    <\/div>\n\t    <div class=\"texte\">\n\t        <h5>At the Saint-Eustache church<\/h5>\n\t        <h3>Luminiscence Paris: Immersive show<\/h3>\n\t        <div class=\"tags\">\n\t        \t\t        \t\t<span>From 6 years old<\/span>\n\t        \t\t        \t<span>40mn<\/span>\n\t        <\/div>\n\t        <div class=\"bas\">\n        \t\t<div class=\"prix\">\n        \t\t\t        \t\t<\/div>\n            \t<div class=\"review-stars\" data-productId=\"\">\n            \t<\/div>\n\t        <\/div>\n\t    <\/div>\n\t<\/a>\n<\/div><\/li><li class=\"glide__slide\">\n\n<div class=\"grid\">\n\t<a href=\"https:\/\/www.familinparis.fr\/en\/the-eagles-of-the-ramparts\/\" target=\"_self\">\n\t    <div class=\"image\" style=\"background-image:url('https:\/\/www.familinparis.fr\/wp-content\/uploads\/2024\/06\/spectacle-a-provins-les-aignes-des-remparts-564x282.jpg')\">\n\t    \t\t\t\t\t    <\/div>\n\t    <div class=\"texte\">\n\t        <h5><\/h5>\n\t        <h3>The eagles of the ramparts<\/h3>\n\t        <div class=\"tags\">\n\t        \t\t        \t<span><\/span>\n\t        <\/div>\n\t        <div class=\"bas\">\n        \t\t<div class=\"prix\">\n        \t\t\t        \t\t<\/div>\n            \t<div class=\"review-stars\" data-productId=\"\">\n            \t<\/div>\n\t        <\/div>\n\t    <\/div>\n\t<\/a>\n<\/div><\/li><li class=\"glide__slide\">\n\n<div class=\"grid\">\n\t<a href=\"https:\/\/www.familinparis.fr\/en\/grandes-eaux-nocturnes-versailles\/\" target=\"_self\">\n\t    <div class=\"image\" style=\"background-image:url('https:\/\/www.familinparis.fr\/wp-content\/uploads\/Chateaux\/Versailles\/grandes-eaux-nocturnes-564x282.jpg')\">\n\t    \t\t    \t<div class=\"dateOnImg\">Until September 19, 2026<\/div>\n\t    \t\t\t\t\t    <\/div>\n\t    <div class=\"texte\">\n\t        <h5>Gardens of the Palace of Versailles (78)<\/h5>\n\t        <h3>The Night Fountains Show<\/h3>\n\t        <div class=\"tags\">\n\t        \t\t        \t\t<span>Nighttime<\/span>\n\t        \t\t        \t<span>2h30<\/span>\n\t        <\/div>\n\t        <div class=\"bas\">\n        \t\t<div class=\"prix\">\n        \t\t\t        \t\t<\/div>\n            \t<div class=\"review-stars\" data-productId=\"\">\n            \t<\/div>\n\t        <\/div>\n\t    <\/div>\n\t<\/a>\n<\/div><\/li><li class=\"glide__slide\">\n\n<div class=\"grid\">\n\t<a href=\"https:\/\/www.familinparis.fr\/en\/outdoor-guignol\/\" target=\"_self\">\n\t    <div class=\"image\" style=\"background-image:url('https:\/\/www.familinparis.fr\/wp-content\/uploads\/THEATRE\/theatre-de-marionnette-guignol-PLD-564x282.jpg')\">\n\t    \t\t\t\t\t    <\/div>\n\t    <div class=\"texte\">\n\t        <h5><\/h5>\n\t        <h3>Outdoor Guignol<\/h3>\n\t        <div class=\"tags\">\n\t        \t\t        \t<span><\/span>\n\t        <\/div>\n\t        <div class=\"bas\">\n        \t\t<div class=\"prix\">\n        \t\t\t        \t\t<\/div>\n            \t<div class=\"review-stars\" data-productId=\"\">\n            \t<\/div>\n\t        <\/div>\n\t    <\/div>\n\t<\/a>\n<\/div><\/li>            <\/ul>\n        <\/div>\n    <\/div>\n    \n            <div class=\"col-12 t-center m-b-20\">\n            <div class=\"labels__fam\">\n                                    <a href=\"\/spectacle-en-plein-air\/\" class=\"labels__fam-color-secondary labels__fam-radius-rounded\">\n                        All Sections                    <\/a>\n                            <\/div>\n        <\/div>\n    <\/div>\n-->\n<style type=\"text\/css\">\n    .swiper{\n        width: 100%;\n    }\n    .grid-carousel__arrows {\n        display: flex;\n        gap: 1rem;\n\n    }\n    button.grid-carousel__arrow {\n        background: #008098;\n        border-radius: 50%;\n        height: 50px;\n        width: 50px;\n        border: 2px solid #008098;\n        color: #ffff;\n        padding: 0px;\n        text-align: center;\n    }\n\n    button.grid-carousel__arrow.swiper-button-disabled{\n        opacity: .15;\n    }\n    .grid-carousel .swiper-slide {\n         min-width: 300px;\n    }\n    @media (max-width: 799px) {\n        .grid-carousel__arrows {\n            display: none;\n        }\n        .grid-carousel .swiper-slide {\n            width: 40%;\n        }\n    }\n    @media (max-width: 529px) {\n        .grid-carousel .swiper-slide {\n            width: 75%;\n        }\n    }\n<\/style>\n\n<div class=\"row new-grids grids-style-2\">\n    <div class=\"swiper grid-carousel\">\n        <div class=\"grid-title grid-carousel--title\">\n            <div>\n                                    <h2>The great shows to discover in Paris and around<\/h2>\n                                            <\/div>\n            <div>\n                <div class=\"grid-carousel__arrows\">\n                    <button class=\"grid-carousel__arrow grid-carousel__arrow--left\">\n                        <i class=\"fa fa-angle-left\"><\/i>\n                    <\/button>\n                    <button class=\"grid-carousel__arrow grid-carousel__arrow--right\">\n                        <i class=\"fa fa-angle-right\"><\/i>\n                    <\/button>\n                <\/div>\n            <\/div>\n        <\/div>\n        \n        <div class=\"swiper-wrapper\">\n            <div class=\"swiper-slide\">\n\n<div class=\"grid\">\n\t<a href=\"https:\/\/www.familinparis.fr\/en\/les-grandes-eaux-musicales\/\" target=\"_self\">\n\t    <div class=\"image\" style=\"background-image:url('https:\/\/www.familinparis.fr\/wp-content\/uploads\/Chateaux\/Versailles\/Versailles-fontaines-PLD-564x282.jpg')\">\n\t    \t\t    \t<div class=\"dateOnImg\">Until November 1, 2026<\/div>\n\t    \t\t\t\t\t    <\/div>\n\t    <div class=\"texte\">\n\t        <h5>Palace of Versailles Park (78)<\/h5>\n\t        <h3>The Musical Fountains Show<\/h3>\n\t        <div class=\"tags\">\n\t        \t\t        \t\t<span>Park<\/span>\n\t        \t\t        \t<span>Min 2 hours<\/span>\n\t        <\/div>\n\t        <div class=\"bas\">\n        \t\t<div class=\"prix\">\n        \t\t\t        \t\t<\/div>\n            \t<div class=\"review-stars\" data-productId=\"\">\n            \t<\/div>\n\t        <\/div>\n\t    <\/div>\n\t<\/a>\n<\/div><\/div><div class=\"swiper-slide\">\n\n<div class=\"grid\">\n\t<a href=\"https:\/\/www.familinparis.fr\/en\/drone-art-show-at-the-vincennes-racecourse-paris\/\" target=\"_self\">\n\t    <div class=\"image\" style=\"background-image:url('https:\/\/www.familinparis.fr\/wp-content\/uploads\/2026\/03\/drone-3.jpg')\">\n\t    \t\t    \t<div class=\"dateOnImg\">Les 28 et 30 mai 2026<\/div>\n\t    \t\t\t\t\t    <\/div>\n\t    <div class=\"texte\">\n\t        <h5>A l&#8217;Hippodrome de Vincennes<\/h5>\n\t        <h3>DroneArt Show Paris<\/h3>\n\t        <div class=\"tags\">\n\t        \t\t        \t\t<span>NOUVEAUT\u00c9<\/span>\n\t        \t\t        \t<span>65mn<\/span>\n\t        <\/div>\n\t        <div class=\"bas\">\n        \t\t<div class=\"prix\">\n        \t\t\t        \t\t<\/div>\n            \t<div class=\"review-stars\" data-productId=\"\">\n            \t<\/div>\n\t        <\/div>\n\t    <\/div>\n\t<\/a>\n<\/div><\/div><div class=\"swiper-slide\">\n\n<div class=\"grid\">\n\t<a href=\"https:\/\/www.familinparis.fr\/en\/candlelight-concert-in-paris\/\" target=\"_self\">\n\t    <div class=\"image\" style=\"background-image:url('https:\/\/www.familinparis.fr\/wp-content\/uploads\/2026\/01\/les-concerts-candelight-564x282.jpg')\">\n\t    \t\t    \t<div class=\"dateOnImg\">Nombreuses dates<\/div>\n\t    \t\t\t\t\t\t\t\t<div class=\"rond-blanc-age\"><span>For all<\/span><\/div>\n\t\t\t\t    <\/div>\n\t    <div class=\"texte\">\n\t        <h5>A Paris<\/h5>\n\t        <h3>Les concerts Candlelight<\/h3>\n\t        <div class=\"tags\">\n\t        \t\t        \t\t<span>CONCERTS ATYPIQUES<\/span>\n\t        \t\t        \t<span>1h<\/span>\n\t        <\/div>\n\t        <div class=\"bas\">\n        \t\t<div class=\"prix\">\n        \t\t\t\t        \t\t\t<span>From<\/span>\n\t        \t\t\t<span class=\"\">25\u20ac<\/span>\n\t        \t\t\t\t        \t\t        \t\t<\/div>\n            \t<div class=\"review-stars\" data-productId=\"\">\n            \t<\/div>\n\t        <\/div>\n\t    <\/div>\n\t<\/a>\n<\/div><\/div><div class=\"swiper-slide\">\n\n<div class=\"grid\">\n\t<a href=\"https:\/\/www.familinparis.fr\/en\/luminiscence-paris-immersive-show\/\" target=\"_self\">\n\t    <div class=\"image\" style=\"background-image:url('https:\/\/www.familinparis.fr\/wp-content\/uploads\/2024\/03\/luminiscence-saint-eustache-paris-1er-\u00a9Mikhail-Sytenkov-564x282.jpg')\">\n\t    \t\t    \t<div class=\"dateOnImg\">30% OFF<\/div>\n\t    \t\t\t\t\t    <\/div>\n\t    <div class=\"texte\">\n\t        <h5>At the Saint-Eustache church<\/h5>\n\t        <h3>Luminiscence Paris: Immersive show<\/h3>\n\t        <div class=\"tags\">\n\t        \t\t        \t\t<span>From 6 years old<\/span>\n\t        \t\t        \t<span>40mn<\/span>\n\t        <\/div>\n\t        <div class=\"bas\">\n        \t\t<div class=\"prix\">\n        \t\t\t        \t\t<\/div>\n            \t<div class=\"review-stars\" data-productId=\"\">\n            \t<\/div>\n\t        <\/div>\n\t    <\/div>\n\t<\/a>\n<\/div><\/div><div class=\"swiper-slide\">\n\n<div class=\"grid\">\n\t<a href=\"https:\/\/www.familinparis.fr\/en\/the-eagles-of-the-ramparts\/\" target=\"_self\">\n\t    <div class=\"image\" style=\"background-image:url('https:\/\/www.familinparis.fr\/wp-content\/uploads\/2024\/06\/spectacle-a-provins-les-aignes-des-remparts-564x282.jpg')\">\n\t    \t\t\t\t\t    <\/div>\n\t    <div class=\"texte\">\n\t        <h5><\/h5>\n\t        <h3>The eagles of the ramparts<\/h3>\n\t        <div class=\"tags\">\n\t        \t\t        \t<span><\/span>\n\t        <\/div>\n\t        <div class=\"bas\">\n        \t\t<div class=\"prix\">\n        \t\t\t        \t\t<\/div>\n            \t<div class=\"review-stars\" data-productId=\"\">\n            \t<\/div>\n\t        <\/div>\n\t    <\/div>\n\t<\/a>\n<\/div><\/div><div class=\"swiper-slide\">\n\n<div class=\"grid\">\n\t<a href=\"https:\/\/www.familinparis.fr\/en\/grandes-eaux-nocturnes-versailles\/\" target=\"_self\">\n\t    <div class=\"image\" style=\"background-image:url('https:\/\/www.familinparis.fr\/wp-content\/uploads\/Chateaux\/Versailles\/grandes-eaux-nocturnes-564x282.jpg')\">\n\t    \t\t    \t<div class=\"dateOnImg\">Until September 19, 2026<\/div>\n\t    \t\t\t\t\t    <\/div>\n\t    <div class=\"texte\">\n\t        <h5>Gardens of the Palace of Versailles (78)<\/h5>\n\t        <h3>The Night Fountains Show<\/h3>\n\t        <div class=\"tags\">\n\t        \t\t        \t\t<span>Nighttime<\/span>\n\t        \t\t        \t<span>2h30<\/span>\n\t        <\/div>\n\t        <div class=\"bas\">\n        \t\t<div class=\"prix\">\n        \t\t\t        \t\t<\/div>\n            \t<div class=\"review-stars\" data-productId=\"\">\n            \t<\/div>\n\t        <\/div>\n\t    <\/div>\n\t<\/a>\n<\/div><\/div><div class=\"swiper-slide\">\n\n<div class=\"grid\">\n\t<a href=\"https:\/\/www.familinparis.fr\/en\/outdoor-guignol\/\" target=\"_self\">\n\t    <div class=\"image\" style=\"background-image:url('https:\/\/www.familinparis.fr\/wp-content\/uploads\/THEATRE\/theatre-de-marionnette-guignol-PLD-564x282.jpg')\">\n\t    \t\t\t\t\t    <\/div>\n\t    <div class=\"texte\">\n\t        <h5><\/h5>\n\t        <h3>Outdoor Guignol<\/h3>\n\t        <div class=\"tags\">\n\t        \t\t        \t<span><\/span>\n\t        <\/div>\n\t        <div class=\"bas\">\n        \t\t<div class=\"prix\">\n        \t\t\t        \t\t<\/div>\n            \t<div class=\"review-stars\" data-productId=\"\">\n            \t<\/div>\n\t        <\/div>\n\t    <\/div>\n\t<\/a>\n<\/div><\/div>        <\/div>\n    <\/div>\n    \n            <div class=\"col-12 t-center m-b-20\">\n            <div class=\"labels__fam\">\n                                    <a href=\"\/spectacle-en-plein-air\/\" class=\"labels__fam-color-secondary labels__fam-radius-rounded\">\n                        All Sections                    <\/a>\n                            <\/div>\n        <\/div>\n    <\/div>\n\n<\/div>\n<div style=\"height:100px\" aria-hidden=\"true\" class=\"wp-block-spacer\"><\/div>\n\n<p>Your most frequently asked questions:<\/p>\n\n<div class=\"schema-faq wp-block-yoast-faq-block\"><div class=\"schema-faq-section\" id=\"faq-question-1777435269124\"><strong class=\"schema-faq-question\">Do I need to book my tickets in advance?<\/strong> <p class=\"schema-faq-answer\">Yes, it&#8217;s advisable, especially in summer. Tickets can be exchanged on the online ticket office of the Ch\u00e2teau de Vaux le Vicomte <\/p> <\/div> <div class=\"schema-faq-section\" id=\"faq-question-1777435330043\"><strong class=\"schema-faq-question\">Can we picnic on site?<\/strong> <p class=\"schema-faq-answer\">Yes, it is quite possible. Be careful, however, only certain areas are open to picnics <\/p> <\/div> <div class=\"schema-faq-section\" id=\"faq-question-1777435378124\"><strong class=\"schema-faq-question\">What happens in case of rain?<\/strong> <p class=\"schema-faq-answer\">The activities are maintained. Tickets are not refunded <\/p> <\/div> <div class=\"schema-faq-section\" id=\"faq-question-1777435427023\"><strong class=\"schema-faq-question\">Can I come with a stroller?<\/strong> <p class=\"schema-faq-answer\">This is not possible inside the castle, for reasons of preservation of the floor and furniture. On the other hand, the rest of the estate is accessible to them.<br\/>A parking area for strollers is available before entering the castle. <\/p> <\/div> <div class=\"schema-faq-section\" id=\"faq-question-1777435485539\"><strong class=\"schema-faq-question\">Is parking free<\/strong> <p class=\"schema-faq-answer\">Yes, there is free parking<\/p> <\/div> <div class=\"schema-faq-section\" id=\"faq-question-1777435521876\"><strong class=\"schema-faq-question\">Are dogs allowed?<\/strong> <p class=\"schema-faq-answer\">No, this is not possible<\/p> <\/div> <\/div>\n\n<div style=\"height:100px\" aria-hidden=\"true\" class=\"wp-block-spacer\"><\/div>\n\n<p><\/p>\n","protected":false},"excerpt":{"rendered":"<p>Until September 27, 2025<\/p>\n","protected":false},"author":6,"featured_media":129876,"comment_status":"open","ping_status":"open","sticky":false,"template":"","format":"standard","meta":{"_uag_custom_page_level_css":"","footnotes":""},"categories":[1332,1358,1339,1200,1310],"tags":[1216,1307,1213,1227,1226,1206,1209,1401,1279,1278,1372,1316,1305,1422,1527,1267],"class_list":{"0":"post-134084","1":"post","2":"type-post","3":"status-publish","4":"format-standard","5":"has-post-thumbnail","7":"category-castles","8":"category-great-shows","9":"category-idf-en","10":"category-news","11":"category-shows","12":"tag-ascension-en","13":"tag-august","14":"tag-august-15","15":"tag-evening","16":"tag-for-7-12-year-olds","17":"tag-for-teens","18":"tag-good-looking","19":"tag-ile-de-france-en","20":"tag-july","21":"tag-june","22":"tag-may","23":"tag-seine-et-marne-en","24":"tag-september","25":"tag-summer-event","26":"tag-summer-holidays","27":"tag-we-en"},"yoast_head":"<!-- This site is optimized with the Yoast SEO plugin v27.2 - https:\/\/yoast.com\/product\/yoast-seo-wordpress\/ -->\n<title>Candlelight evenings in Vaux-le-Vicomte - Extraordinary!<\/title>\n<meta name=\"description\" content=\"Candlelight evenings in Vaux le Vicomte, from 16 May to 26 September 2026 - Information and booking (ticketing)\" \/>\n<meta name=\"robots\" content=\"index, follow, max-snippet:-1, max-image-preview:large, max-video-preview:-1\" \/>\n<link rel=\"canonical\" href=\"https:\/\/www.familinparis.fr\/en\/soiree-aux-chandelles-vaux-le-vincomte\/\" \/>\n<meta property=\"og:locale\" content=\"en_US\" \/>\n<meta property=\"og:type\" content=\"article\" \/>\n<meta property=\"og:title\" content=\"Candlelight evenings in Vaux-le-Vicomte - Extraordinary!\" \/>\n<meta property=\"og:description\" content=\"Candlelight evenings in Vaux le Vicomte, from 16 May to 26 September 2026 - Information and booking (ticketing)\" \/>\n<meta property=\"og:url\" content=\"https:\/\/www.familinparis.fr\/en\/soiree-aux-chandelles-vaux-le-vincomte\/\" \/>\n<meta property=\"og:site_name\" content=\"Familin&#039;Paris\" \/>\n<meta property=\"article:published_time\" content=\"2025-04-06T15:12:00+00:00\" \/>\n<meta property=\"article:modified_time\" content=\"2026-04-30T13:57:05+00:00\" \/>\n<meta property=\"og:image\" content=\"https:\/\/www.familinparis.fr\/wp-content\/uploads\/Chateaux\/vaux-le-vicomte\/Vaux-le-vicomte-dome-@FamilinParis.jpg\" \/>\n\t<meta property=\"og:image:width\" content=\"1200\" \/>\n\t<meta property=\"og:image:height\" content=\"800\" \/>\n\t<meta property=\"og:image:type\" content=\"image\/jpeg\" \/>\n<meta name=\"author\" content=\"Agn\u00e8s\" \/>\n<meta name=\"twitter:card\" content=\"summary_large_image\" \/>\n<meta name=\"twitter:label1\" content=\"Written by\" \/>\n\t<meta name=\"twitter:data1\" content=\"Agn\u00e8s\" \/>\n\t<meta name=\"twitter:label2\" content=\"Est. reading time\" \/>\n\t<meta name=\"twitter:data2\" content=\"3 minutes\" \/>\n<script type=\"application\/ld+json\" class=\"yoast-schema-graph\">{\"@context\":\"https:\/\/schema.org\",\"@graph\":[{\"@type\":\"Article\",\"@id\":\"https:\/\/www.familinparis.fr\/en\/soiree-aux-chandelles-vaux-le-vincomte\/#article\",\"isPartOf\":{\"@id\":\"https:\/\/www.familinparis.fr\/en\/soiree-aux-chandelles-vaux-le-vincomte\/\"},\"author\":{\"name\":\"Agn\u00e8s\",\"@id\":\"https:\/\/www.familinparis.fr\/en\/#\/schema\/person\/20deb9130cb58f76b535d316fe0aa31f\"},\"headline\":\"Candlelight evenings in Vaux-le-Vicomte\",\"datePublished\":\"2025-04-06T15:12:00+00:00\",\"dateModified\":\"2026-04-30T13:57:05+00:00\",\"mainEntityOfPage\":{\"@id\":\"https:\/\/www.familinparis.fr\/en\/soiree-aux-chandelles-vaux-le-vincomte\/\"},\"wordCount\":513,\"commentCount\":0,\"image\":{\"@id\":\"https:\/\/www.familinparis.fr\/en\/soiree-aux-chandelles-vaux-le-vincomte\/#primaryimage\"},\"thumbnailUrl\":\"https:\/\/www.familinparis.fr\/wp-content\/uploads\/Chateaux\/vaux-le-vicomte\/Vaux-le-vicomte-dome-@FamilinParis.jpg\",\"keywords\":[\"Ascension\",\"August\",\"August 15\",\"Evening\",\"For 7-12 year olds\",\"For teens\",\"Good looking\",\"Ile de France\",\"July\",\"June\",\"May\",\"Seine-et-Marne\",\"September\",\"Summer event\",\"Summer holidays\",\"WE\"],\"articleSection\":[\"Castles\",\"Great shows\",\"IDF\",\"News\",\"Shows\"],\"inLanguage\":\"en-US\",\"potentialAction\":[{\"@type\":\"CommentAction\",\"name\":\"Comment\",\"target\":[\"https:\/\/www.familinparis.fr\/en\/soiree-aux-chandelles-vaux-le-vincomte\/#respond\"]}]},{\"@type\":[\"WebPage\",\"FAQPage\"],\"@id\":\"https:\/\/www.familinparis.fr\/en\/soiree-aux-chandelles-vaux-le-vincomte\/\",\"url\":\"https:\/\/www.familinparis.fr\/en\/soiree-aux-chandelles-vaux-le-vincomte\/\",\"name\":\"Candlelight evenings in Vaux-le-Vicomte - Extraordinary!\",\"isPartOf\":{\"@id\":\"https:\/\/www.familinparis.fr\/en\/#website\"},\"primaryImageOfPage\":{\"@id\":\"https:\/\/www.familinparis.fr\/en\/soiree-aux-chandelles-vaux-le-vincomte\/#primaryimage\"},\"image\":{\"@id\":\"https:\/\/www.familinparis.fr\/en\/soiree-aux-chandelles-vaux-le-vincomte\/#primaryimage\"},\"thumbnailUrl\":\"https:\/\/www.familinparis.fr\/wp-content\/uploads\/Chateaux\/vaux-le-vicomte\/Vaux-le-vicomte-dome-@FamilinParis.jpg\",\"datePublished\":\"2025-04-06T15:12:00+00:00\",\"dateModified\":\"2026-04-30T13:57:05+00:00\",\"author\":{\"@id\":\"https:\/\/www.familinparis.fr\/en\/#\/schema\/person\/20deb9130cb58f76b535d316fe0aa31f\"},\"description\":\"Candlelight evenings in Vaux le Vicomte, from 16 May to 26 September 2026 - Information and booking (ticketing)\",\"breadcrumb\":{\"@id\":\"https:\/\/www.familinparis.fr\/en\/soiree-aux-chandelles-vaux-le-vincomte\/#breadcrumb\"},\"mainEntity\":[{\"@id\":\"https:\/\/www.familinparis.fr\/en\/soiree-aux-chandelles-vaux-le-vincomte\/#faq-question-1777435269124\"},{\"@id\":\"https:\/\/www.familinparis.fr\/en\/soiree-aux-chandelles-vaux-le-vincomte\/#faq-question-1777435330043\"},{\"@id\":\"https:\/\/www.familinparis.fr\/en\/soiree-aux-chandelles-vaux-le-vincomte\/#faq-question-1777435378124\"},{\"@id\":\"https:\/\/www.familinparis.fr\/en\/soiree-aux-chandelles-vaux-le-vincomte\/#faq-question-1777435427023\"},{\"@id\":\"https:\/\/www.familinparis.fr\/en\/soiree-aux-chandelles-vaux-le-vincomte\/#faq-question-1777435485539\"},{\"@id\":\"https:\/\/www.familinparis.fr\/en\/soiree-aux-chandelles-vaux-le-vincomte\/#faq-question-1777435521876\"}],\"inLanguage\":\"en-US\",\"potentialAction\":[{\"@type\":\"ReadAction\",\"target\":[\"https:\/\/www.familinparis.fr\/en\/soiree-aux-chandelles-vaux-le-vincomte\/\"]}]},{\"@type\":\"ImageObject\",\"inLanguage\":\"en-US\",\"@id\":\"https:\/\/www.familinparis.fr\/en\/soiree-aux-chandelles-vaux-le-vincomte\/#primaryimage\",\"url\":\"https:\/\/www.familinparis.fr\/wp-content\/uploads\/Chateaux\/vaux-le-vicomte\/Vaux-le-vicomte-dome-@FamilinParis.jpg\",\"contentUrl\":\"https:\/\/www.familinparis.fr\/wp-content\/uploads\/Chateaux\/vaux-le-vicomte\/Vaux-le-vicomte-dome-@FamilinParis.jpg\",\"width\":1200,\"height\":800},{\"@type\":\"BreadcrumbList\",\"@id\":\"https:\/\/www.familinparis.fr\/en\/soiree-aux-chandelles-vaux-le-vincomte\/#breadcrumb\",\"itemListElement\":[{\"@type\":\"ListItem\",\"position\":1,\"name\":\"Home\",\"item\":\"https:\/\/www.familinparis.fr\/en\/\"},{\"@type\":\"ListItem\",\"position\":2,\"name\":\"Castles\",\"item\":\"https:\/\/www.familinparis.fr\/en\/categorie\/castles\/\"},{\"@type\":\"ListItem\",\"position\":3,\"name\":\"Candlelight evenings in Vaux-le-Vicomte\"}]},{\"@type\":\"WebSite\",\"@id\":\"https:\/\/www.familinparis.fr\/en\/#website\",\"url\":\"https:\/\/www.familinparis.fr\/en\/\",\"name\":\"Familin&#039;Paris\",\"description\":\"Visiter le meilleur de Paris avec des enfants : sorties, spectacles, adresses de restaurants, shopping, bons plans...\",\"potentialAction\":[{\"@type\":\"SearchAction\",\"target\":{\"@type\":\"EntryPoint\",\"urlTemplate\":\"https:\/\/www.familinparis.fr\/en\/?s={search_term_string}\"},\"query-input\":{\"@type\":\"PropertyValueSpecification\",\"valueRequired\":true,\"valueName\":\"search_term_string\"}}],\"inLanguage\":\"en-US\"},{\"@type\":\"Person\",\"@id\":\"https:\/\/www.familinparis.fr\/en\/#\/schema\/person\/20deb9130cb58f76b535d316fe0aa31f\",\"name\":\"Agn\u00e8s\",\"image\":{\"@type\":\"ImageObject\",\"inLanguage\":\"en-US\",\"@id\":\"https:\/\/secure.gravatar.com\/avatar\/0ff338e2776ca662585d438b3bc140cbe7b54659207d3329065be97ffb37fa5a?s=96&d=identicon&r=g\",\"url\":\"https:\/\/secure.gravatar.com\/avatar\/0ff338e2776ca662585d438b3bc140cbe7b54659207d3329065be97ffb37fa5a?s=96&d=identicon&r=g\",\"contentUrl\":\"https:\/\/secure.gravatar.com\/avatar\/0ff338e2776ca662585d438b3bc140cbe7b54659207d3329065be97ffb37fa5a?s=96&d=identicon&r=g\",\"caption\":\"Agn\u00e8s\"}},{\"@type\":\"Question\",\"@id\":\"https:\/\/www.familinparis.fr\/en\/soiree-aux-chandelles-vaux-le-vincomte\/#faq-question-1777435269124\",\"position\":1,\"url\":\"https:\/\/www.familinparis.fr\/en\/soiree-aux-chandelles-vaux-le-vincomte\/#faq-question-1777435269124\",\"name\":\"Do I need to book my tickets in advance?\",\"answerCount\":1,\"acceptedAnswer\":{\"@type\":\"Answer\",\"text\":\"Yes, it's advisable, especially in summer. Tickets can be exchanged on the online ticket office of the Ch\u00e2teau de Vaux le Vicomte \",\"inLanguage\":\"en-US\"},\"inLanguage\":\"en-US\"},{\"@type\":\"Question\",\"@id\":\"https:\/\/www.familinparis.fr\/en\/soiree-aux-chandelles-vaux-le-vincomte\/#faq-question-1777435330043\",\"position\":2,\"url\":\"https:\/\/www.familinparis.fr\/en\/soiree-aux-chandelles-vaux-le-vincomte\/#faq-question-1777435330043\",\"name\":\"Can we picnic on site?\",\"answerCount\":1,\"acceptedAnswer\":{\"@type\":\"Answer\",\"text\":\"Yes, it is quite possible. Be careful, however, only certain areas are open to picnics \",\"inLanguage\":\"en-US\"},\"inLanguage\":\"en-US\"},{\"@type\":\"Question\",\"@id\":\"https:\/\/www.familinparis.fr\/en\/soiree-aux-chandelles-vaux-le-vincomte\/#faq-question-1777435378124\",\"position\":3,\"url\":\"https:\/\/www.familinparis.fr\/en\/soiree-aux-chandelles-vaux-le-vincomte\/#faq-question-1777435378124\",\"name\":\"What happens in case of rain?\",\"answerCount\":1,\"acceptedAnswer\":{\"@type\":\"Answer\",\"text\":\"The activities are maintained. Tickets are not refunded \",\"inLanguage\":\"en-US\"},\"inLanguage\":\"en-US\"},{\"@type\":\"Question\",\"@id\":\"https:\/\/www.familinparis.fr\/en\/soiree-aux-chandelles-vaux-le-vincomte\/#faq-question-1777435427023\",\"position\":4,\"url\":\"https:\/\/www.familinparis.fr\/en\/soiree-aux-chandelles-vaux-le-vincomte\/#faq-question-1777435427023\",\"name\":\"Can I come with a stroller?\",\"answerCount\":1,\"acceptedAnswer\":{\"@type\":\"Answer\",\"text\":\"This is not possible inside the castle, for reasons of preservation of the floor and furniture. On the other hand, the rest of the estate is accessible to them.<br>A parking area for strollers is available before entering the castle. \",\"inLanguage\":\"en-US\"},\"inLanguage\":\"en-US\"},{\"@type\":\"Question\",\"@id\":\"https:\/\/www.familinparis.fr\/en\/soiree-aux-chandelles-vaux-le-vincomte\/#faq-question-1777435485539\",\"position\":5,\"url\":\"https:\/\/www.familinparis.fr\/en\/soiree-aux-chandelles-vaux-le-vincomte\/#faq-question-1777435485539\",\"name\":\"Is parking free\",\"answerCount\":1,\"acceptedAnswer\":{\"@type\":\"Answer\",\"text\":\"Yes, there is free parking\",\"inLanguage\":\"en-US\"},\"inLanguage\":\"en-US\"},{\"@type\":\"Question\",\"@id\":\"https:\/\/www.familinparis.fr\/en\/soiree-aux-chandelles-vaux-le-vincomte\/#faq-question-1777435521876\",\"position\":6,\"url\":\"https:\/\/www.familinparis.fr\/en\/soiree-aux-chandelles-vaux-le-vincomte\/#faq-question-1777435521876\",\"name\":\"Are dogs allowed?\",\"answerCount\":1,\"acceptedAnswer\":{\"@type\":\"Answer\",\"text\":\"No, this is not possible\",\"inLanguage\":\"en-US\"},\"inLanguage\":\"en-US\"}]}<\/script>\n<!-- \/ Yoast SEO plugin. -->","yoast_head_json":{"title":"Candlelight evenings in Vaux-le-Vicomte - Extraordinary!","description":"Candlelight evenings in Vaux le Vicomte, from 16 May to 26 September 2026 - Information and booking (ticketing)","robots":{"index":"index","follow":"follow","max-snippet":"max-snippet:-1","max-image-preview":"max-image-preview:large","max-video-preview":"max-video-preview:-1"},"canonical":"https:\/\/www.familinparis.fr\/en\/soiree-aux-chandelles-vaux-le-vincomte\/","og_locale":"en_US","og_type":"article","og_title":"Candlelight evenings in Vaux-le-Vicomte - Extraordinary!","og_description":"Candlelight evenings in Vaux le Vicomte, from 16 May to 26 September 2026 - Information and booking (ticketing)","og_url":"https:\/\/www.familinparis.fr\/en\/soiree-aux-chandelles-vaux-le-vincomte\/","og_site_name":"Familin&#039;Paris","article_published_time":"2025-04-06T15:12:00+00:00","article_modified_time":"2026-04-30T13:57:05+00:00","og_image":[{"width":1200,"height":800,"url":"https:\/\/www.familinparis.fr\/wp-content\/uploads\/Chateaux\/vaux-le-vicomte\/Vaux-le-vicomte-dome-@FamilinParis.jpg","type":"image\/jpeg"}],"author":"Agn\u00e8s","twitter_card":"summary_large_image","twitter_misc":{"Written by":"Agn\u00e8s","Est. reading time":"3 minutes"},"schema":{"@context":"https:\/\/schema.org","@graph":[{"@type":"Article","@id":"https:\/\/www.familinparis.fr\/en\/soiree-aux-chandelles-vaux-le-vincomte\/#article","isPartOf":{"@id":"https:\/\/www.familinparis.fr\/en\/soiree-aux-chandelles-vaux-le-vincomte\/"},"author":{"name":"Agn\u00e8s","@id":"https:\/\/www.familinparis.fr\/en\/#\/schema\/person\/20deb9130cb58f76b535d316fe0aa31f"},"headline":"Candlelight evenings in Vaux-le-Vicomte","datePublished":"2025-04-06T15:12:00+00:00","dateModified":"2026-04-30T13:57:05+00:00","mainEntityOfPage":{"@id":"https:\/\/www.familinparis.fr\/en\/soiree-aux-chandelles-vaux-le-vincomte\/"},"wordCount":513,"commentCount":0,"image":{"@id":"https:\/\/www.familinparis.fr\/en\/soiree-aux-chandelles-vaux-le-vincomte\/#primaryimage"},"thumbnailUrl":"https:\/\/www.familinparis.fr\/wp-content\/uploads\/Chateaux\/vaux-le-vicomte\/Vaux-le-vicomte-dome-@FamilinParis.jpg","keywords":["Ascension","August","August 15","Evening","For 7-12 year olds","For teens","Good looking","Ile de France","July","June","May","Seine-et-Marne","September","Summer event","Summer holidays","WE"],"articleSection":["Castles","Great shows","IDF","News","Shows"],"inLanguage":"en-US","potentialAction":[{"@type":"CommentAction","name":"Comment","target":["https:\/\/www.familinparis.fr\/en\/soiree-aux-chandelles-vaux-le-vincomte\/#respond"]}]},{"@type":["WebPage","FAQPage"],"@id":"https:\/\/www.familinparis.fr\/en\/soiree-aux-chandelles-vaux-le-vincomte\/","url":"https:\/\/www.familinparis.fr\/en\/soiree-aux-chandelles-vaux-le-vincomte\/","name":"Candlelight evenings in Vaux-le-Vicomte - Extraordinary!","isPartOf":{"@id":"https:\/\/www.familinparis.fr\/en\/#website"},"primaryImageOfPage":{"@id":"https:\/\/www.familinparis.fr\/en\/soiree-aux-chandelles-vaux-le-vincomte\/#primaryimage"},"image":{"@id":"https:\/\/www.familinparis.fr\/en\/soiree-aux-chandelles-vaux-le-vincomte\/#primaryimage"},"thumbnailUrl":"https:\/\/www.familinparis.fr\/wp-content\/uploads\/Chateaux\/vaux-le-vicomte\/Vaux-le-vicomte-dome-@FamilinParis.jpg","datePublished":"2025-04-06T15:12:00+00:00","dateModified":"2026-04-30T13:57:05+00:00","author":{"@id":"https:\/\/www.familinparis.fr\/en\/#\/schema\/person\/20deb9130cb58f76b535d316fe0aa31f"},"description":"Candlelight evenings in Vaux le Vicomte, from 16 May to 26 September 2026 - Information and booking (ticketing)","breadcrumb":{"@id":"https:\/\/www.familinparis.fr\/en\/soiree-aux-chandelles-vaux-le-vincomte\/#breadcrumb"},"mainEntity":[{"@id":"https:\/\/www.familinparis.fr\/en\/soiree-aux-chandelles-vaux-le-vincomte\/#faq-question-1777435269124"},{"@id":"https:\/\/www.familinparis.fr\/en\/soiree-aux-chandelles-vaux-le-vincomte\/#faq-question-1777435330043"},{"@id":"https:\/\/www.familinparis.fr\/en\/soiree-aux-chandelles-vaux-le-vincomte\/#faq-question-1777435378124"},{"@id":"https:\/\/www.familinparis.fr\/en\/soiree-aux-chandelles-vaux-le-vincomte\/#faq-question-1777435427023"},{"@id":"https:\/\/www.familinparis.fr\/en\/soiree-aux-chandelles-vaux-le-vincomte\/#faq-question-1777435485539"},{"@id":"https:\/\/www.familinparis.fr\/en\/soiree-aux-chandelles-vaux-le-vincomte\/#faq-question-1777435521876"}],"inLanguage":"en-US","potentialAction":[{"@type":"ReadAction","target":["https:\/\/www.familinparis.fr\/en\/soiree-aux-chandelles-vaux-le-vincomte\/"]}]},{"@type":"ImageObject","inLanguage":"en-US","@id":"https:\/\/www.familinparis.fr\/en\/soiree-aux-chandelles-vaux-le-vincomte\/#primaryimage","url":"https:\/\/www.familinparis.fr\/wp-content\/uploads\/Chateaux\/vaux-le-vicomte\/Vaux-le-vicomte-dome-@FamilinParis.jpg","contentUrl":"https:\/\/www.familinparis.fr\/wp-content\/uploads\/Chateaux\/vaux-le-vicomte\/Vaux-le-vicomte-dome-@FamilinParis.jpg","width":1200,"height":800},{"@type":"BreadcrumbList","@id":"https:\/\/www.familinparis.fr\/en\/soiree-aux-chandelles-vaux-le-vincomte\/#breadcrumb","itemListElement":[{"@type":"ListItem","position":1,"name":"Home","item":"https:\/\/www.familinparis.fr\/en\/"},{"@type":"ListItem","position":2,"name":"Castles","item":"https:\/\/www.familinparis.fr\/en\/categorie\/castles\/"},{"@type":"ListItem","position":3,"name":"Candlelight evenings in Vaux-le-Vicomte"}]},{"@type":"WebSite","@id":"https:\/\/www.familinparis.fr\/en\/#website","url":"https:\/\/www.familinparis.fr\/en\/","name":"Familin&#039;Paris","description":"Visiter le meilleur de Paris avec des enfants : sorties, spectacles, adresses de restaurants, shopping, bons plans...","potentialAction":[{"@type":"SearchAction","target":{"@type":"EntryPoint","urlTemplate":"https:\/\/www.familinparis.fr\/en\/?s={search_term_string}"},"query-input":{"@type":"PropertyValueSpecification","valueRequired":true,"valueName":"search_term_string"}}],"inLanguage":"en-US"},{"@type":"Person","@id":"https:\/\/www.familinparis.fr\/en\/#\/schema\/person\/20deb9130cb58f76b535d316fe0aa31f","name":"Agn\u00e8s","image":{"@type":"ImageObject","inLanguage":"en-US","@id":"https:\/\/secure.gravatar.com\/avatar\/0ff338e2776ca662585d438b3bc140cbe7b54659207d3329065be97ffb37fa5a?s=96&d=identicon&r=g","url":"https:\/\/secure.gravatar.com\/avatar\/0ff338e2776ca662585d438b3bc140cbe7b54659207d3329065be97ffb37fa5a?s=96&d=identicon&r=g","contentUrl":"https:\/\/secure.gravatar.com\/avatar\/0ff338e2776ca662585d438b3bc140cbe7b54659207d3329065be97ffb37fa5a?s=96&d=identicon&r=g","caption":"Agn\u00e8s"}},{"@type":"Question","@id":"https:\/\/www.familinparis.fr\/en\/soiree-aux-chandelles-vaux-le-vincomte\/#faq-question-1777435269124","position":1,"url":"https:\/\/www.familinparis.fr\/en\/soiree-aux-chandelles-vaux-le-vincomte\/#faq-question-1777435269124","name":"Do I need to book my tickets in advance?","answerCount":1,"acceptedAnswer":{"@type":"Answer","text":"Yes, it's advisable, especially in summer. Tickets can be exchanged on the online ticket office of the Ch\u00e2teau de Vaux le Vicomte ","inLanguage":"en-US"},"inLanguage":"en-US"},{"@type":"Question","@id":"https:\/\/www.familinparis.fr\/en\/soiree-aux-chandelles-vaux-le-vincomte\/#faq-question-1777435330043","position":2,"url":"https:\/\/www.familinparis.fr\/en\/soiree-aux-chandelles-vaux-le-vincomte\/#faq-question-1777435330043","name":"Can we picnic on site?","answerCount":1,"acceptedAnswer":{"@type":"Answer","text":"Yes, it is quite possible. Be careful, however, only certain areas are open to picnics ","inLanguage":"en-US"},"inLanguage":"en-US"},{"@type":"Question","@id":"https:\/\/www.familinparis.fr\/en\/soiree-aux-chandelles-vaux-le-vincomte\/#faq-question-1777435378124","position":3,"url":"https:\/\/www.familinparis.fr\/en\/soiree-aux-chandelles-vaux-le-vincomte\/#faq-question-1777435378124","name":"What happens in case of rain?","answerCount":1,"acceptedAnswer":{"@type":"Answer","text":"The activities are maintained. Tickets are not refunded ","inLanguage":"en-US"},"inLanguage":"en-US"},{"@type":"Question","@id":"https:\/\/www.familinparis.fr\/en\/soiree-aux-chandelles-vaux-le-vincomte\/#faq-question-1777435427023","position":4,"url":"https:\/\/www.familinparis.fr\/en\/soiree-aux-chandelles-vaux-le-vincomte\/#faq-question-1777435427023","name":"Can I come with a stroller?","answerCount":1,"acceptedAnswer":{"@type":"Answer","text":"This is not possible inside the castle, for reasons of preservation of the floor and furniture. On the other hand, the rest of the estate is accessible to them.<br>A parking area for strollers is available before entering the castle. ","inLanguage":"en-US"},"inLanguage":"en-US"},{"@type":"Question","@id":"https:\/\/www.familinparis.fr\/en\/soiree-aux-chandelles-vaux-le-vincomte\/#faq-question-1777435485539","position":5,"url":"https:\/\/www.familinparis.fr\/en\/soiree-aux-chandelles-vaux-le-vincomte\/#faq-question-1777435485539","name":"Is parking free","answerCount":1,"acceptedAnswer":{"@type":"Answer","text":"Yes, there is free parking","inLanguage":"en-US"},"inLanguage":"en-US"},{"@type":"Question","@id":"https:\/\/www.familinparis.fr\/en\/soiree-aux-chandelles-vaux-le-vincomte\/#faq-question-1777435521876","position":6,"url":"https:\/\/www.familinparis.fr\/en\/soiree-aux-chandelles-vaux-le-vincomte\/#faq-question-1777435521876","name":"Are dogs allowed?","answerCount":1,"acceptedAnswer":{"@type":"Answer","text":"No, this is not possible","inLanguage":"en-US"},"inLanguage":"en-US"}]}},"uagb_featured_image_src":{"full":["https:\/\/www.familinparis.fr\/wp-content\/uploads\/Chateaux\/vaux-le-vicomte\/Vaux-le-vicomte-dome-@FamilinParis.jpg",1200,800,false],"thumbnail":["https:\/\/www.familinparis.fr\/wp-content\/uploads\/Chateaux\/vaux-le-vicomte\/Vaux-le-vicomte-dome-@FamilinParis-150x150.jpg",150,150,true],"medium":["https:\/\/www.familinparis.fr\/wp-content\/uploads\/Chateaux\/vaux-le-vicomte\/Vaux-le-vicomte-dome-@FamilinParis-300x200.jpg",300,200,true],"medium_large":["https:\/\/www.familinparis.fr\/wp-content\/uploads\/Chateaux\/vaux-le-vicomte\/Vaux-le-vicomte-dome-@FamilinParis.jpg",768,512,false],"large":["https:\/\/www.familinparis.fr\/wp-content\/uploads\/Chateaux\/vaux-le-vicomte\/Vaux-le-vicomte-dome-@FamilinParis-1024x683.jpg",770,514,true],"1536x1536":["https:\/\/www.familinparis.fr\/wp-content\/uploads\/Chateaux\/vaux-le-vicomte\/Vaux-le-vicomte-dome-@FamilinParis.jpg",1200,800,false],"2048x2048":["https:\/\/www.familinparis.fr\/wp-content\/uploads\/Chateaux\/vaux-le-vicomte\/Vaux-le-vicomte-dome-@FamilinParis.jpg",1200,800,false],"home-thumb":["https:\/\/www.familinparis.fr\/wp-content\/uploads\/Chateaux\/vaux-le-vicomte\/Vaux-le-vicomte-dome-@FamilinParis-730x487.jpg",730,487,true],"home-slider":["https:\/\/www.familinparis.fr\/wp-content\/uploads\/Chateaux\/vaux-le-vicomte\/Vaux-le-vicomte-dome-@FamilinParis-800x600.jpg",800,600,true],"lightbox-slider-size":["https:\/\/www.familinparis.fr\/wp-content\/uploads\/Chateaux\/vaux-le-vicomte\/Vaux-le-vicomte-dome-@FamilinParis-564x282.jpg",564,282,true],"post-thumbnail":["https:\/\/www.familinparis.fr\/wp-content\/uploads\/Chateaux\/vaux-le-vicomte\/Vaux-le-vicomte-dome-@FamilinParis-270x180.jpg",270,180,true],"cheerup-main":["https:\/\/www.familinparis.fr\/wp-content\/uploads\/Chateaux\/vaux-le-vicomte\/Vaux-le-vicomte-dome-@FamilinParis-770x400.jpg",770,400,true],"cheerup-main-full":["https:\/\/www.familinparis.fr\/wp-content\/uploads\/Chateaux\/vaux-le-vicomte\/Vaux-le-vicomte-dome-@FamilinParis-1170x508.jpg",1170,508,true],"cheerup-slider-alt":["https:\/\/www.familinparis.fr\/wp-content\/uploads\/Chateaux\/vaux-le-vicomte\/Vaux-le-vicomte-dome-@FamilinParis-1170x508.jpg",1170,508,true],"cheerup-slider-trendy":["https:\/\/www.familinparis.fr\/wp-content\/uploads\/Chateaux\/vaux-le-vicomte\/Vaux-le-vicomte-dome-@FamilinParis-960x508.jpg",960,508,true],"cheerup-slider-stylish":["https:\/\/www.familinparis.fr\/wp-content\/uploads\/Chateaux\/vaux-le-vicomte\/Vaux-le-vicomte-dome-@FamilinParis-900x515.jpg",900,515,true],"cheerup-slider-grid":["https:\/\/www.familinparis.fr\/wp-content\/uploads\/Chateaux\/vaux-le-vicomte\/Vaux-le-vicomte-dome-@FamilinParis-870x600.jpg",870,600,true],"cheerup-slider-grid-sm":["https:\/\/www.familinparis.fr\/wp-content\/uploads\/Chateaux\/vaux-le-vicomte\/Vaux-le-vicomte-dome-@FamilinParis-300x300.jpg",300,300,true],"cheerup-slider-carousel":["https:\/\/www.familinparis.fr\/wp-content\/uploads\/Chateaux\/vaux-le-vicomte\/Vaux-le-vicomte-dome-@FamilinParis-370x370.jpg",370,370,true],"cheerup-slider-grid-b":["https:\/\/www.familinparis.fr\/wp-content\/uploads\/Chateaux\/vaux-le-vicomte\/Vaux-le-vicomte-dome-@FamilinParis-554x466.jpg",554,466,true],"cheerup-slider-grid-b-sm":["https:\/\/www.familinparis.fr\/wp-content\/uploads\/Chateaux\/vaux-le-vicomte\/Vaux-le-vicomte-dome-@FamilinParis-306x466.jpg",306,466,true],"cheerup-slider-bold-sm":["https:\/\/www.familinparis.fr\/wp-content\/uploads\/Chateaux\/vaux-le-vicomte\/Vaux-le-vicomte-dome-@FamilinParis-150x150.jpg",150,150,true],"cheerup-grid":["https:\/\/www.familinparis.fr\/wp-content\/uploads\/Chateaux\/vaux-le-vicomte\/Vaux-le-vicomte-dome-@FamilinParis-370x285.jpg",370,285,true],"cheerup-carousel":["https:\/\/www.familinparis.fr\/wp-content\/uploads\/Chateaux\/vaux-le-vicomte\/Vaux-le-vicomte-dome-@FamilinParis-270x180.jpg",270,180,true],"cheerup-carousel-b":["https:\/\/www.familinparis.fr\/wp-content\/uploads\/Chateaux\/vaux-le-vicomte\/Vaux-le-vicomte-dome-@FamilinParis-370x285.jpg",370,285,true],"cheerup-list":["https:\/\/www.familinparis.fr\/wp-content\/uploads\/Chateaux\/vaux-le-vicomte\/Vaux-le-vicomte-dome-@FamilinParis-260x200.jpg",260,200,true],"cheerup-list-b":["https:\/\/www.familinparis.fr\/wp-content\/uploads\/Chateaux\/vaux-le-vicomte\/Vaux-le-vicomte-dome-@FamilinParis-370x305.jpg",370,305,true],"cheerup-thumb":["https:\/\/www.familinparis.fr\/wp-content\/uploads\/Chateaux\/vaux-le-vicomte\/Vaux-le-vicomte-dome-@FamilinParis-87x67.jpg",87,67,true],"cheerup-thumb-alt":["https:\/\/www.familinparis.fr\/wp-content\/uploads\/Chateaux\/vaux-le-vicomte\/Vaux-le-vicomte-dome-@FamilinParis-150x150.jpg",150,150,true]},"uagb_author_info":{"display_name":"Agn\u00e8s","author_link":"https:\/\/www.familinparis.fr\/en\/author\/agnes\/"},"uagb_comment_info":0,"uagb_excerpt":"Until September 27, 2025","_links":{"self":[{"href":"https:\/\/www.familinparis.fr\/en\/wp-json\/wp\/v2\/posts\/134084","targetHints":{"allow":["GET"]}}],"collection":[{"href":"https:\/\/www.familinparis.fr\/en\/wp-json\/wp\/v2\/posts"}],"about":[{"href":"https:\/\/www.familinparis.fr\/en\/wp-json\/wp\/v2\/types\/post"}],"author":[{"embeddable":true,"href":"https:\/\/www.familinparis.fr\/en\/wp-json\/wp\/v2\/users\/6"}],"replies":[{"embeddable":true,"href":"https:\/\/www.familinparis.fr\/en\/wp-json\/wp\/v2\/comments?post=134084"}],"version-history":[{"count":0,"href":"https:\/\/www.familinparis.fr\/en\/wp-json\/wp\/v2\/posts\/134084\/revisions"}],"wp:featuredmedia":[{"embeddable":true,"href":"https:\/\/www.familinparis.fr\/en\/wp-json\/wp\/v2\/media\/129876"}],"wp:attachment":[{"href":"https:\/\/www.familinparis.fr\/en\/wp-json\/wp\/v2\/media?parent=134084"}],"wp:term":[{"taxonomy":"category","embeddable":true,"href":"https:\/\/www.familinparis.fr\/en\/wp-json\/wp\/v2\/categories?post=134084"},{"taxonomy":"post_tag","embeddable":true,"href":"https:\/\/www.familinparis.fr\/en\/wp-json\/wp\/v2\/tags?post=134084"}],"curies":[{"name":"wp","href":"https:\/\/api.w.org\/{rel}","templated":true}]}}