{"id":134020,"date":"2025-10-13T00:25:00","date_gmt":"2025-10-12T22:25:00","guid":{"rendered":"https:\/\/www.familinparis.fr\/the-lantern-parade-at-la-villette\/"},"modified":"2026-01-22T12:27:35","modified_gmt":"2026-01-22T10:27:35","slug":"the-lantern-parade-at-la-villette","status":"publish","type":"post","link":"https:\/\/www.familinparis.fr\/en\/the-lantern-parade-at-la-villette\/","title":{"rendered":"The lantern parade at La Villette"},"content":{"rendered":"<div class=\"lazyblock-baseline-1sYJou wp-block-lazyblock-baseline\"><div class=\"baseline\">Le 6 d\u00e9cembre 2025<\/div><\/div><div class=\"lazyblock-infos-pratiques-24WVB wp-block-lazyblock-infos-pratiques\"><div class=\"read-more go-to\" data-goto=\"infos-sup\">\n  <a href=\"#\">\n    <span class=\"rien\">\n      <i class=\"fa fa-map-marker\"><\/i> See practical information    <\/span>\n  <\/a>\n<\/div><\/div><div class=\"wp-block-image\">\n<figure class=\"aligncenter size-full\"><img decoding=\"async\" src=\"https:\/\/www.familinparis.fr\/wp-content\/uploads\/2022\/11\/Fete-des-lanternes-&#xA9;-William-Beaucardet.jpg\" alt=\"\" class=\"wp-image-125196\" \/><figcaption class=\"wp-element-caption\">\u00a9 William-Beaucardet<\/figcaption><\/figure>\n<\/div>\n<div style=\"height:20px\" aria-hidden=\"true\" class=\"wp-block-spacer\"><\/div>\n\n<div class=\"wp-block-columns is-layout-flex wp-container-core-columns-is-layout-9d6595d7 wp-block-columns-is-layout-flex\">\n<div class=\"wp-block-column is-layout-flow wp-block-column-is-layout-flow\">\n<section class=\"wp-block-uagb-section uagb-section__wrap uagb-section__background-none uagb-block-c8fdf6b0\"><div class=\"uagb-section__overlay\"><\/div><div class=\"uagb-section__inner-wrap\">\n<h2 class=\"wp-block-heading has-x-large-font-size\">The Lantern Parade at La Villette, a poetic and musical stroll<\/h2>\n\n\n\n<p>\u00c0 quelques jours du solstice hivernal, lanternes \u00e0 la main, les noctambules illuminent le parc de la Villette le temps d\u2019une marche po\u00e9tique et musicale, orchestr\u00e9e par les artistes du collectif Les Poussi\u00e8res. Toutes et tous sont invit\u00e9s \u00e0 rejoindre le cort\u00e8ge lumineux une fois la nuit tomb\u00e9e pour d\u00e9couvrir le parc \u00e0 la lueur des bougies.<\/p>\n\n\n\n<p>Vous pouvez fabriquer votre propre lanterne en participant \u00e0 l\u2019atelier\u00a0Fabrique ta lanterne\u00a0le week-end pr\u00e9c\u00e9dent (r\u00e9servation obligatoire). Les participants \u00e0 l\u2019atelier r\u00e9cup\u00e8rent leur lanterne le jour de la parade \u00e0 Little Villette.<\/p>\n\n\n\n<ul class=\"wp-block-list\">\n<li><strong>1-hour stroll from 5pm<\/strong>. Start in front of <strong>Little Villette<\/strong> <\/li>\n\n\n\n<li>8th edition of the Lantern Parade at La Villette.<\/li>\n\n\n\n<li>To celebrate the winter solstice, lanterns in hand, <strong>in the Parc de la Villette<\/strong>, everyone is invited <strong>to join the luminous procession with the artists of the collective Les poussi\u00e8res <\/strong> <\/li>\n\n\n\n<li>As the release of flying lanterns is forbidden, we revisit this great tradition to celebrate the winter solstice  <\/li>\n\n\n\n<li><strong>The ideal is to come with your lanterns made by you and\/or your children<\/strong>. By the way, a workshop &#8220;Make your lantern&#8221; takes place the previous weekend in Little Villette on November 30 and December 1 <\/li>\n\n\n\n<li><strong>Please note that there is no distribution or sale of lanterns on site<\/strong><\/li>\n<\/ul>\n<\/div><\/section>\n<\/div>\n\n\n\n<div class=\"wp-block-column is-layout-flow wp-block-column-is-layout-flow\">\n<section class=\"wp-block-uagb-section uagb-section__wrap uagb-section__background-none uagb-block-7f5b8f34\"><div class=\"uagb-section__overlay\"><\/div><div class=\"uagb-section__inner-wrap\">\n<h2 class=\"wp-block-heading has-x-large-font-size\">Informations pratiques<\/h2>\n\n\n\n<ul class=\"wp-block-list\">\n<li><strong>We like:<\/strong> a magical moment at nightfall and a workshop to make your own lantern<\/li>\n\n\n\n<li><strong>Age: <\/strong>all audiences<\/li>\n\n\n\n<li><strong>Date : <\/strong>\u00a0le 6 d\u00e9cembre 2025 \u00e0 partir de 17h<\/li>\n\n\n\n<li><strong>Duration<\/strong> : 1 hour  <\/li>\n\n\n\n<li><strong>D\u00e9part<\/strong> : sous le p\u00e9ristyle de la Grande Halle de la Villette<\/li>\n\n\n\n<li><strong>Price <\/strong>: <a href=\"https:\/\/www.familinparis.fr\/en\/free-outings-and-activities-in-paris\/\">FREE<\/a><\/li>\n\n\n\n<li><strong>Location:<\/strong> Parc de la Villette (Paris 19th)<\/li>\n\n\n\n<li><strong>KNOW<\/strong> : A parent-child workshop (for a fee) takes place the weekend before to make your own lantern<\/li>\n<\/ul>\n\n\n\n<p><strong>\u26a0\ufe0f<\/strong> Attention , il n&#8217;y a pas de distribution ni de vente de lanternes sur place<\/p>\n<\/div><\/section>\n\n\n\n<div style=\"height:28px\" aria-hidden=\"true\" class=\"wp-block-spacer\"><\/div>\n\n\n\n<section class=\"wp-block-uagb-section uagb-section__wrap uagb-section__background-none uagb-block-33beb064\"><div class=\"uagb-section__overlay\"><\/div><div class=\"uagb-section__inner-wrap\">\n<h2 class=\"wp-block-heading has-x-large-font-size\">Atelier Villette pour faire sa lanterne<\/h2>\n\n\n\n<p><strong>&#8220;Make your lantern&#8221; &#8211;<\/strong> Plastic art workshops <a href=\"https:\/\/www.familinparis.fr\/en\/the-best-activities-and-outings-in-paris-for-6-12-year-olds\/\">6-10 years old <\/a>&#8211; In Little Villette &#8211; (Duration 3 hours) &#8211; <strong>online booking on the &#8220;Children&#8217;s Workshops&#8221; ticket office <\/strong> <\/p>\n\n\n\n<p>Build a beautiful lantern with willow strands and tissue paper, and come parade at dusk during the Lantern Parade on Saturday, December 7<\/p>\n\n\n\n<ul class=\"wp-block-list\">\n<li><strong>Samedi 29 novembre \u00e0 15h<\/strong><\/li>\n\n\n\n<li><strong>Dimanche 30 novembre \u00e0 10h et 15h<\/strong><\/li>\n<\/ul>\n<\/div><\/section>\n<\/div>\n<\/div>\n\n<div style=\"height:20px\" aria-hidden=\"true\" class=\"wp-block-spacer\"><\/div>\n\n<figure class=\"wp-block-embed aligncenter is-type-video is-provider-youtube wp-block-embed-youtube wp-embed-aspect-16-9 wp-has-aspect-ratio\"><div class=\"wp-block-embed__wrapper\"> \n<iframe title=\"F\u00eate des lanternes 2021\" width=\"770\" height=\"433\" src=\"https:\/\/www.youtube.com\/embed\/hLlsF--kNzg?feature=oembed\" frameborder=\"0\" allow=\"accelerometer; autoplay; clipboard-write; encrypted-media; gyroscope; picture-in-picture; web-share\" referrerpolicy=\"strict-origin-when-cross-origin\" allowfullscreen><\/iframe>\n <\/div><\/figure>\n\n<div style=\"height:40px\" aria-hidden=\"true\" class=\"wp-block-spacer\"><\/div>\n\n<div style=\"height:43px\" aria-hidden=\"true\" class=\"wp-block-spacer\"><\/div>\n<div class=\"lazyblock-grids-1379Tg wp-block-lazyblock-grids\"><div class=\"row new-grids grids-style-2\">\n        <div class=\"col-12 grid-title\">\n        <h2 class=\"c-blue\">Que faire en d\u00e9cembre en famille \u00e0 Paris ?<\/h2>\n\n            <\/div>\n        \n    <div class=\"col-12 grids columns-4\">\n        \n\n<div class=\"grid\">\n\t<a href=\"https:\/\/www.familinparis.fr\/en\/magic-courses-at-the-museum-of-magic\/\" target=\"_self\">\n\t    <div class=\"image\" style=\"background-image:url('https:\/\/www.familinparis.fr\/wp-content\/uploads\/E-SHOP\/Musee-de-la-magie\/Stage-de-magie-de-scene-564x282.jpg')\">\n\t    \t\t    \t<div class=\"dateOnImg\">All year round<\/div>\n\t    \t\t\t\t\t    <\/div>\n\t    <div class=\"texte\">\n\t        <h5>Museum of Magic and Automata (Paris 4th)<\/h5>\n\t        <h3>Magic Courses at the Museum of Magic<\/h3>\n\t        <div class=\"tags\">\n\t        \t\t        \t\t<span>For everyone from 6 years old<\/span>\n\t        \t\t        \t<span>2h30 or 3h<\/span>\n\t        <\/div>\n\t        <div class=\"bas\">\n        \t\t<div class=\"prix\">\n        \t\t\t        \t\t<\/div>\n            \t<div class=\"review-stars\" data-productId=\"67\">\n            \t<\/div>\n\t        <\/div>\n\t    <\/div>\n\t<\/a>\n<\/div>\n\n<div class=\"grid\">\n\t<a href=\"https:\/\/www.familinparis.fr\/en\/science-experiences-at-bercy-village\/\" target=\"_self\">\n\t    <div class=\"image\" style=\"background-image:url('https:\/\/www.familinparis.fr\/wp-content\/uploads\/photos-partenaires\/Science-experiences\/Volcan-1-564x282.jpg')\">\n\t    \t\t    \t<div class=\"dateOnImg\">7 days a week<\/div>\n\t    \t\t\t\t\t    <\/div>\n\t    <div class=\"texte\">\n\t        <h5>Bercy (Paris 12th)<\/h5>\n\t        <h3>Science Experiences at Bercy Village<\/h3>\n\t        <div class=\"tags\">\n\t        \t\t        \t\t<span>From 5 years old<\/span>\n\t        \t\t        \t<span>Promo : 5%<\/span>\n\t        <\/div>\n\t        <div class=\"bas\">\n        \t\t<div class=\"prix\">\n        \t\t\t        \t\t<\/div>\n            \t<div class=\"review-stars\" data-productId=\"\">\n            \t<\/div>\n\t        <\/div>\n\t    <\/div>\n\t<\/a>\n<\/div>\n\n<div class=\"grid\">\n\t<a href=\"https:\/\/www.familinparis.fr\/en\/educational-farm-in-paris-noahs-world-for-children\/\" target=\"_self\">\n\t    <div class=\"image\" style=\"background-image:url('https:\/\/www.familinparis.fr\/wp-content\/uploads\/Animaux\/Monde-de-Noe\/Monde-de-noe--564x282.jpg')\">\n\t    \t\t    \t<div class=\"dateOnImg\">7j\/7<\/div>\n\t    \t\t\t\t\t\t\t\t<div class=\"rond-blanc-age\"><span>from <span class=\"age-number\">1<\/span> yo<\/span><\/div>\n\t\t\t\t    <\/div>\n\t    <div class=\"texte\">\n\t        <h5>Dans le 14\u00e8me et le 16\u00e8me <\/h5>\n\t        <h3>Finding Noah, the immersive experience on the animal world<\/h3>\n\t        <div class=\"tags\">\n\t        \t\t        \t\t<span>Ferme p\u00e9dadogique<\/span>\n\t        \t\t        \t<span>1h environ<\/span>\n\t        <\/div>\n\t        <div class=\"bas\">\n        \t\t<div class=\"prix\">\n        \t\t\t        \t\t<\/div>\n            \t<div class=\"review-stars\" data-productId=\"\">\n            \t<\/div>\n\t        <\/div>\n\t    <\/div>\n\t<\/a>\n<\/div>\n\n<div class=\"grid\">\n\t<a href=\"https:\/\/www.familinparis.fr\/en\/teens\/\" target=\"_self\">\n\t    <div class=\"image\" style=\"background-image:url('https:\/\/www.familinparis.fr\/wp-content\/uploads\/THEATRE\/Ados\/piece-de-theatre-ados-paris-490x282.jpg')\">\n\t    \t\t\t\t\t    <\/div>\n\t    <div class=\"texte\">\n\t        <h5><\/h5>\n\t        <h3>Teens<\/h3>\n\t        <div class=\"tags\">\n\t        \t\t        \t<span><\/span>\n\t        <\/div>\n\t        <div class=\"bas\">\n        \t\t<div class=\"prix\">\n        \t\t\t        \t\t<\/div>\n            \t<div class=\"review-stars\" data-productId=\"\">\n            \t<\/div>\n\t        <\/div>\n\t    <\/div>\n\t<\/a>\n<\/div>\n\n<div class=\"grid\">\n\t<a href=\"https:\/\/www.familinparis.fr\/en\/storytelling-tour-a-love-of-opera\/\" target=\"_self\">\n\t    <div class=\"image\" style=\"background-image:url('https:\/\/www.familinparis.fr\/wp-content\/uploads\/2024\/12\/Visites_Opera_Garnier_insolite-564x282.jpg')\">\n\t    \t\t\t\t\t    <\/div>\n\t    <div class=\"texte\">\n\t        <h5><\/h5>\n\t        <h3>Storytelling tour &#8211; &#8220;A love of opera&#8221;<\/h3>\n\t        <div class=\"tags\">\n\t        \t\t        \t<span><\/span>\n\t        <\/div>\n\t        <div class=\"bas\">\n        \t\t<div class=\"prix\">\n        \t\t\t        \t\t<\/div>\n            \t<div class=\"review-stars\" data-productId=\"\">\n            \t<\/div>\n\t        <\/div>\n\t    <\/div>\n\t<\/a>\n<\/div>\n\n<div class=\"grid\">\n\t<a href=\"https:\/\/www.familinparis.fr\/en\/visite-guidee-stade-de-france\/\" target=\"_self\">\n\t    <div class=\"image\" style=\"background-image:url('https:\/\/www.familinparis.fr\/wp-content\/uploads\/photos-partenaires\/stade-de-france-Macary-Zublenaet-Regembal-Costantini-Architectes-ADAGP-Paris\u20132016-F-Aguilhon-C-Jamet-564x282.jpg')\">\n\t    \t\t    \t<div class=\"dateOnImg\">Jusqu&#8217;au 30 juillet<\/div>\n\t    \t\t\t\t\t    <\/div>\n\t    <div class=\"texte\">\n\t        <h5>In Saint-Denis (93)<\/h5>\n\t        <h3>Behind-the-scenes tour of the Stade de France<\/h3>\n\t        <div class=\"tags\">\n\t        \t\t        \t\t<span>D\u00e8s 5-6 ans<\/span>\n\t        \t\t        \t<span>90mn<\/span>\n\t        <\/div>\n\t        <div class=\"bas\">\n        \t\t<div class=\"prix\">\n        \t\t\t        \t\t<\/div>\n            \t<div class=\"review-stars\" data-productId=\"\">\n            \t<\/div>\n\t        <\/div>\n\t    <\/div>\n\t<\/a>\n<\/div>\n\n<div class=\"grid\">\n\t<a href=\"https:\/\/www.familinparis.fr\/en\/gallic-christmas-at-parc-asterix\/\" target=\"_self\">\n\t    <div class=\"image\" style=\"background-image:url('https:\/\/www.familinparis.fr\/wp-content\/uploads\/2024\/08\/NoelGaulois2025-564x282.jpg')\">\n\t    \t\t    \t<div class=\"dateOnImg\">Du 20 d\u00e9cembre 2025 au 4 janvier 2026<\/div>\n\t    \t\t\t\t\t\t\t\t<div class=\"rond-blanc-age\"><span>For all<\/span><\/div>\n\t\t\t\t    <\/div>\n\t    <div class=\"texte\">\n\t        <h5>Au Parc Ast\u00e9rix (60)<\/h5>\n\t        <h3>Gallic Christmas at Parc Ast\u00e9rix<\/h3>\n\t        <div class=\"tags\">\n\t        \t\t        \t\t<span>No\u00ebl 2025<\/span>\n\t        \t\t        \t<span><\/span>\n\t        <\/div>\n\t        <div class=\"bas\">\n        \t\t<div class=\"prix\">\n        \t\t\t        \t\t<\/div>\n            \t<div class=\"review-stars\" data-productId=\"\">\n            \t<\/div>\n\t        <\/div>\n\t    <\/div>\n\t<\/a>\n<\/div>\n\n<div class=\"grid\">\n\t<a href=\"https:\/\/www.familinparis.fr\/en\/festival-of-the-marvelous-museum-of-fairground-art\/\" target=\"_self\">\n\t    <div class=\"image\" style=\"background-image:url('https:\/\/www.familinparis.fr\/wp-content\/uploads\/2020\/02\/3c3faae0f29efe0a588414da1302f65d-564x282.jpg')\">\n\t    \t\t    \t<div class=\"dateOnImg\">Du 26 d\u00e9c. 2025 au 4 janvier 2026<\/div>\n\t    \t\t\t\t\t\t\t\t<div class=\"rond-blanc-age\"><span>from <span class=\"age-number\">3<\/span> yo<\/span><\/div>\n\t\t\t\t    <\/div>\n\t    <div class=\"texte\">\n\t        <h5>Au mus\u00e9e des Arts Forains (Paris 12e)<\/h5>\n\t        <h3>The Festival of Wonders at the Museum of Fairground Arts<\/h3>\n\t        <div class=\"tags\">\n\t        \t\t        \t\t<span>F\u00c9ERIE DE NO\u00cbL<\/span>\n\t        \t\t        \t<span>Tous les jours<\/span>\n\t        <\/div>\n\t        <div class=\"bas\">\n        \t\t<div class=\"prix\">\n        \t\t\t        \t\t<\/div>\n            \t<div class=\"review-stars\" data-productId=\"\">\n            \t<\/div>\n\t        <\/div>\n\t    <\/div>\n\t<\/a>\n<\/div>    <\/div>\n\n            <div class=\"col-12 t-center m-b-20\">\n            <div class=\"labels__fam\">\n                                    <a href=\"https:\/\/www.familinparis.fr\/quoi-faire-en-decembre\/\" class=\"labels__fam-color-secondary labels__fam-radius-rounded\">\n                        TOUT LE PROGRAMME DE D\u00c9CEMBRE                    <\/a>\n                            <\/div>\n        <\/div>\n    \n    \n\n<\/div>\n<\/div>\n<div style=\"height:70px\" aria-hidden=\"true\" class=\"wp-block-spacer\"><\/div>\n\n<p><\/p>\n","protected":false},"excerpt":{"rendered":"<p>December 7, 2024, from 5 p.m.<\/p>\n","protected":false},"author":5,"featured_media":133254,"comment_status":"open","ping_status":"open","sticky":false,"template":"","format":"standard","meta":{"_uag_custom_page_level_css":"","footnotes":""},"categories":[1252],"tags":[1448,1547],"class_list":{"0":"post-134020","1":"post","2":"type-post","3":"status-publish","4":"format-standard","5":"has-post-thumbnail","7":"category-archives-en","8":"tag-december-archive","9":"tag-paris"},"yoast_head":"<!-- This site is optimized with the Yoast SEO plugin v27.2 - https:\/\/yoast.com\/product\/yoast-seo-wordpress\/ -->\n<title>FREE | The lantern festival, at La Villette l on December 7, 2024<\/title>\n<meta name=\"description\" content=\"For all\u2022 Stroll with lanterns in the Parc de la Villette. A magical parade with the children. A family event &gt; Free\" \/>\n<meta name=\"robots\" content=\"index, follow, max-snippet:-1, max-image-preview:large, max-video-preview:-1\" \/>\n<link rel=\"canonical\" href=\"https:\/\/www.familinparis.fr\/en\/the-lantern-parade-at-la-villette\/\" \/>\n<meta property=\"og:locale\" content=\"en_US\" \/>\n<meta property=\"og:type\" content=\"article\" \/>\n<meta property=\"og:title\" content=\"FREE | The lantern festival, at La Villette l on December 7, 2024\" \/>\n<meta property=\"og:description\" content=\"For all\u2022 Stroll with lanterns in the Parc de la Villette. A magical parade with the children. A family event &gt; Free\" \/>\n<meta property=\"og:url\" content=\"https:\/\/www.familinparis.fr\/en\/the-lantern-parade-at-la-villette\/\" \/>\n<meta property=\"og:site_name\" content=\"Familin&#039;Paris\" \/>\n<meta property=\"article:published_time\" content=\"2025-10-12T22:25:00+00:00\" \/>\n<meta property=\"article:modified_time\" content=\"2026-01-22T10:27:35+00:00\" \/>\n<meta property=\"og:image\" content=\"https:\/\/www.familinparis.fr\/wp-content\/uploads\/2022\/11\/Fete-des-lanternes-\u00a9-William-Beaucardet.jpg\" \/>\n\t<meta property=\"og:image:width\" content=\"650\" \/>\n\t<meta property=\"og:image:height\" content=\"433\" \/>\n\t<meta property=\"og:image:type\" content=\"image\/jpeg\" \/>\n<meta name=\"author\" content=\"olivia\" \/>\n<meta name=\"twitter:card\" content=\"summary_large_image\" \/>\n<meta name=\"twitter:label1\" content=\"Written by\" \/>\n\t<meta name=\"twitter:data1\" content=\"olivia\" \/>\n\t<meta name=\"twitter:label2\" content=\"Est. reading time\" \/>\n\t<meta name=\"twitter:data2\" content=\"2 minutes\" \/>\n<script type=\"application\/ld+json\" class=\"yoast-schema-graph\">{\"@context\":\"https:\/\/schema.org\",\"@graph\":[{\"@type\":\"Article\",\"@id\":\"https:\/\/www.familinparis.fr\/en\/the-lantern-parade-at-la-villette\/#article\",\"isPartOf\":{\"@id\":\"https:\/\/www.familinparis.fr\/en\/the-lantern-parade-at-la-villette\/\"},\"author\":{\"name\":\"olivia\",\"@id\":\"https:\/\/www.familinparis.fr\/en\/#\/schema\/person\/a87467bb417cd0c77d0a7bb5d1d78ac5\"},\"headline\":\"The lantern parade at La Villette\",\"datePublished\":\"2025-10-12T22:25:00+00:00\",\"dateModified\":\"2026-01-22T10:27:35+00:00\",\"mainEntityOfPage\":{\"@id\":\"https:\/\/www.familinparis.fr\/en\/the-lantern-parade-at-la-villette\/\"},\"wordCount\":382,\"commentCount\":0,\"image\":{\"@id\":\"https:\/\/www.familinparis.fr\/en\/the-lantern-parade-at-la-villette\/#primaryimage\"},\"thumbnailUrl\":\"https:\/\/www.familinparis.fr\/wp-content\/uploads\/2022\/11\/Fete-des-lanternes-\u00a9-William-Beaucardet.jpg\",\"keywords\":[\"December Archive\",\"Paris\"],\"articleSection\":[\"Archives\"],\"inLanguage\":\"en-US\",\"potentialAction\":[{\"@type\":\"CommentAction\",\"name\":\"Comment\",\"target\":[\"https:\/\/www.familinparis.fr\/en\/the-lantern-parade-at-la-villette\/#respond\"]}]},{\"@type\":\"WebPage\",\"@id\":\"https:\/\/www.familinparis.fr\/en\/the-lantern-parade-at-la-villette\/\",\"url\":\"https:\/\/www.familinparis.fr\/en\/the-lantern-parade-at-la-villette\/\",\"name\":\"FREE | The lantern festival, at La Villette l on December 7, 2024\",\"isPartOf\":{\"@id\":\"https:\/\/www.familinparis.fr\/en\/#website\"},\"primaryImageOfPage\":{\"@id\":\"https:\/\/www.familinparis.fr\/en\/the-lantern-parade-at-la-villette\/#primaryimage\"},\"image\":{\"@id\":\"https:\/\/www.familinparis.fr\/en\/the-lantern-parade-at-la-villette\/#primaryimage\"},\"thumbnailUrl\":\"https:\/\/www.familinparis.fr\/wp-content\/uploads\/2022\/11\/Fete-des-lanternes-\u00a9-William-Beaucardet.jpg\",\"datePublished\":\"2025-10-12T22:25:00+00:00\",\"dateModified\":\"2026-01-22T10:27:35+00:00\",\"author\":{\"@id\":\"https:\/\/www.familinparis.fr\/en\/#\/schema\/person\/a87467bb417cd0c77d0a7bb5d1d78ac5\"},\"description\":\"For all\u2022 Stroll with lanterns in the Parc de la Villette. A magical parade with the children. A family event > Free\",\"breadcrumb\":{\"@id\":\"https:\/\/www.familinparis.fr\/en\/the-lantern-parade-at-la-villette\/#breadcrumb\"},\"inLanguage\":\"en-US\",\"potentialAction\":[{\"@type\":\"ReadAction\",\"target\":[\"https:\/\/www.familinparis.fr\/en\/the-lantern-parade-at-la-villette\/\"]}]},{\"@type\":\"ImageObject\",\"inLanguage\":\"en-US\",\"@id\":\"https:\/\/www.familinparis.fr\/en\/the-lantern-parade-at-la-villette\/#primaryimage\",\"url\":\"https:\/\/www.familinparis.fr\/wp-content\/uploads\/2022\/11\/Fete-des-lanternes-\u00a9-William-Beaucardet.jpg\",\"contentUrl\":\"https:\/\/www.familinparis.fr\/wp-content\/uploads\/2022\/11\/Fete-des-lanternes-\u00a9-William-Beaucardet.jpg\",\"width\":650,\"height\":433,\"caption\":\"Lanternes \/ Villette\"},{\"@type\":\"BreadcrumbList\",\"@id\":\"https:\/\/www.familinparis.fr\/en\/the-lantern-parade-at-la-villette\/#breadcrumb\",\"itemListElement\":[{\"@type\":\"ListItem\",\"position\":1,\"name\":\"Home\",\"item\":\"https:\/\/www.familinparis.fr\/en\/\"},{\"@type\":\"ListItem\",\"position\":2,\"name\":\"Archives\",\"item\":\"https:\/\/www.familinparis.fr\/en\/categorie\/archives-en\/\"},{\"@type\":\"ListItem\",\"position\":3,\"name\":\"The lantern parade at La Villette\"}]},{\"@type\":\"WebSite\",\"@id\":\"https:\/\/www.familinparis.fr\/en\/#website\",\"url\":\"https:\/\/www.familinparis.fr\/en\/\",\"name\":\"Familin&#039;Paris\",\"description\":\"Visiter le meilleur de Paris avec des enfants : sorties, spectacles, adresses de restaurants, shopping, bons plans...\",\"potentialAction\":[{\"@type\":\"SearchAction\",\"target\":{\"@type\":\"EntryPoint\",\"urlTemplate\":\"https:\/\/www.familinparis.fr\/en\/?s={search_term_string}\"},\"query-input\":{\"@type\":\"PropertyValueSpecification\",\"valueRequired\":true,\"valueName\":\"search_term_string\"}}],\"inLanguage\":\"en-US\"},{\"@type\":\"Person\",\"@id\":\"https:\/\/www.familinparis.fr\/en\/#\/schema\/person\/a87467bb417cd0c77d0a7bb5d1d78ac5\",\"name\":\"olivia\",\"image\":{\"@type\":\"ImageObject\",\"inLanguage\":\"en-US\",\"@id\":\"https:\/\/secure.gravatar.com\/avatar\/cbca07f1dfea20f457a666a1b84ed5cf1364773d1378c6f10fd36c354eef1ef8?s=96&d=identicon&r=g\",\"url\":\"https:\/\/secure.gravatar.com\/avatar\/cbca07f1dfea20f457a666a1b84ed5cf1364773d1378c6f10fd36c354eef1ef8?s=96&d=identicon&r=g\",\"contentUrl\":\"https:\/\/secure.gravatar.com\/avatar\/cbca07f1dfea20f457a666a1b84ed5cf1364773d1378c6f10fd36c354eef1ef8?s=96&d=identicon&r=g\",\"caption\":\"olivia\"}}]}<\/script>\n<!-- \/ Yoast SEO plugin. -->","yoast_head_json":{"title":"FREE | The lantern festival, at La Villette l on December 7, 2024","description":"For all\u2022 Stroll with lanterns in the Parc de la Villette. A magical parade with the children. A family event > Free","robots":{"index":"index","follow":"follow","max-snippet":"max-snippet:-1","max-image-preview":"max-image-preview:large","max-video-preview":"max-video-preview:-1"},"canonical":"https:\/\/www.familinparis.fr\/en\/the-lantern-parade-at-la-villette\/","og_locale":"en_US","og_type":"article","og_title":"FREE | The lantern festival, at La Villette l on December 7, 2024","og_description":"For all\u2022 Stroll with lanterns in the Parc de la Villette. A magical parade with the children. A family event > Free","og_url":"https:\/\/www.familinparis.fr\/en\/the-lantern-parade-at-la-villette\/","og_site_name":"Familin&#039;Paris","article_published_time":"2025-10-12T22:25:00+00:00","article_modified_time":"2026-01-22T10:27:35+00:00","og_image":[{"width":650,"height":433,"url":"https:\/\/www.familinparis.fr\/wp-content\/uploads\/2022\/11\/Fete-des-lanternes-\u00a9-William-Beaucardet.jpg","type":"image\/jpeg"}],"author":"olivia","twitter_card":"summary_large_image","twitter_misc":{"Written by":"olivia","Est. reading time":"2 minutes"},"schema":{"@context":"https:\/\/schema.org","@graph":[{"@type":"Article","@id":"https:\/\/www.familinparis.fr\/en\/the-lantern-parade-at-la-villette\/#article","isPartOf":{"@id":"https:\/\/www.familinparis.fr\/en\/the-lantern-parade-at-la-villette\/"},"author":{"name":"olivia","@id":"https:\/\/www.familinparis.fr\/en\/#\/schema\/person\/a87467bb417cd0c77d0a7bb5d1d78ac5"},"headline":"The lantern parade at La Villette","datePublished":"2025-10-12T22:25:00+00:00","dateModified":"2026-01-22T10:27:35+00:00","mainEntityOfPage":{"@id":"https:\/\/www.familinparis.fr\/en\/the-lantern-parade-at-la-villette\/"},"wordCount":382,"commentCount":0,"image":{"@id":"https:\/\/www.familinparis.fr\/en\/the-lantern-parade-at-la-villette\/#primaryimage"},"thumbnailUrl":"https:\/\/www.familinparis.fr\/wp-content\/uploads\/2022\/11\/Fete-des-lanternes-\u00a9-William-Beaucardet.jpg","keywords":["December Archive","Paris"],"articleSection":["Archives"],"inLanguage":"en-US","potentialAction":[{"@type":"CommentAction","name":"Comment","target":["https:\/\/www.familinparis.fr\/en\/the-lantern-parade-at-la-villette\/#respond"]}]},{"@type":"WebPage","@id":"https:\/\/www.familinparis.fr\/en\/the-lantern-parade-at-la-villette\/","url":"https:\/\/www.familinparis.fr\/en\/the-lantern-parade-at-la-villette\/","name":"FREE | The lantern festival, at La Villette l on December 7, 2024","isPartOf":{"@id":"https:\/\/www.familinparis.fr\/en\/#website"},"primaryImageOfPage":{"@id":"https:\/\/www.familinparis.fr\/en\/the-lantern-parade-at-la-villette\/#primaryimage"},"image":{"@id":"https:\/\/www.familinparis.fr\/en\/the-lantern-parade-at-la-villette\/#primaryimage"},"thumbnailUrl":"https:\/\/www.familinparis.fr\/wp-content\/uploads\/2022\/11\/Fete-des-lanternes-\u00a9-William-Beaucardet.jpg","datePublished":"2025-10-12T22:25:00+00:00","dateModified":"2026-01-22T10:27:35+00:00","author":{"@id":"https:\/\/www.familinparis.fr\/en\/#\/schema\/person\/a87467bb417cd0c77d0a7bb5d1d78ac5"},"description":"For all\u2022 Stroll with lanterns in the Parc de la Villette. A magical parade with the children. A family event > Free","breadcrumb":{"@id":"https:\/\/www.familinparis.fr\/en\/the-lantern-parade-at-la-villette\/#breadcrumb"},"inLanguage":"en-US","potentialAction":[{"@type":"ReadAction","target":["https:\/\/www.familinparis.fr\/en\/the-lantern-parade-at-la-villette\/"]}]},{"@type":"ImageObject","inLanguage":"en-US","@id":"https:\/\/www.familinparis.fr\/en\/the-lantern-parade-at-la-villette\/#primaryimage","url":"https:\/\/www.familinparis.fr\/wp-content\/uploads\/2022\/11\/Fete-des-lanternes-\u00a9-William-Beaucardet.jpg","contentUrl":"https:\/\/www.familinparis.fr\/wp-content\/uploads\/2022\/11\/Fete-des-lanternes-\u00a9-William-Beaucardet.jpg","width":650,"height":433,"caption":"Lanternes \/ Villette"},{"@type":"BreadcrumbList","@id":"https:\/\/www.familinparis.fr\/en\/the-lantern-parade-at-la-villette\/#breadcrumb","itemListElement":[{"@type":"ListItem","position":1,"name":"Home","item":"https:\/\/www.familinparis.fr\/en\/"},{"@type":"ListItem","position":2,"name":"Archives","item":"https:\/\/www.familinparis.fr\/en\/categorie\/archives-en\/"},{"@type":"ListItem","position":3,"name":"The lantern parade at La Villette"}]},{"@type":"WebSite","@id":"https:\/\/www.familinparis.fr\/en\/#website","url":"https:\/\/www.familinparis.fr\/en\/","name":"Familin&#039;Paris","description":"Visiter le meilleur de Paris avec des enfants : sorties, spectacles, adresses de restaurants, shopping, bons plans...","potentialAction":[{"@type":"SearchAction","target":{"@type":"EntryPoint","urlTemplate":"https:\/\/www.familinparis.fr\/en\/?s={search_term_string}"},"query-input":{"@type":"PropertyValueSpecification","valueRequired":true,"valueName":"search_term_string"}}],"inLanguage":"en-US"},{"@type":"Person","@id":"https:\/\/www.familinparis.fr\/en\/#\/schema\/person\/a87467bb417cd0c77d0a7bb5d1d78ac5","name":"olivia","image":{"@type":"ImageObject","inLanguage":"en-US","@id":"https:\/\/secure.gravatar.com\/avatar\/cbca07f1dfea20f457a666a1b84ed5cf1364773d1378c6f10fd36c354eef1ef8?s=96&d=identicon&r=g","url":"https:\/\/secure.gravatar.com\/avatar\/cbca07f1dfea20f457a666a1b84ed5cf1364773d1378c6f10fd36c354eef1ef8?s=96&d=identicon&r=g","contentUrl":"https:\/\/secure.gravatar.com\/avatar\/cbca07f1dfea20f457a666a1b84ed5cf1364773d1378c6f10fd36c354eef1ef8?s=96&d=identicon&r=g","caption":"olivia"}}]}},"uagb_featured_image_src":{"full":["https:\/\/www.familinparis.fr\/wp-content\/uploads\/2022\/11\/Fete-des-lanternes-\u00a9-William-Beaucardet.jpg",650,433,false],"thumbnail":["https:\/\/www.familinparis.fr\/wp-content\/uploads\/2022\/11\/Fete-des-lanternes-\u00a9-William-Beaucardet-150x150.jpg",150,150,true],"medium":["https:\/\/www.familinparis.fr\/wp-content\/uploads\/2022\/11\/Fete-des-lanternes-\u00a9-William-Beaucardet-300x200.jpg",300,200,true],"medium_large":["https:\/\/www.familinparis.fr\/wp-content\/uploads\/2022\/11\/Fete-des-lanternes-\u00a9-William-Beaucardet.jpg",650,433,false],"large":["https:\/\/www.familinparis.fr\/wp-content\/uploads\/2022\/11\/Fete-des-lanternes-\u00a9-William-Beaucardet.jpg",650,433,false],"1536x1536":["https:\/\/www.familinparis.fr\/wp-content\/uploads\/2022\/11\/Fete-des-lanternes-\u00a9-William-Beaucardet.jpg",650,433,false],"2048x2048":["https:\/\/www.familinparis.fr\/wp-content\/uploads\/2022\/11\/Fete-des-lanternes-\u00a9-William-Beaucardet.jpg",650,433,false],"home-thumb":["https:\/\/www.familinparis.fr\/wp-content\/uploads\/2022\/11\/Fete-des-lanternes-\u00a9-William-Beaucardet.jpg",650,433,false],"home-slider":["https:\/\/www.familinparis.fr\/wp-content\/uploads\/2022\/11\/Fete-des-lanternes-\u00a9-William-Beaucardet.jpg",650,433,false],"lightbox-slider-size":["https:\/\/www.familinparis.fr\/wp-content\/uploads\/2022\/11\/Fete-des-lanternes-\u00a9-William-Beaucardet-564x282.jpg",564,282,true],"post-thumbnail":["https:\/\/www.familinparis.fr\/wp-content\/uploads\/2022\/11\/Fete-des-lanternes-\u00a9-William-Beaucardet-270x180.jpg",270,180,true],"cheerup-main":["https:\/\/www.familinparis.fr\/wp-content\/uploads\/2022\/11\/Fete-des-lanternes-\u00a9-William-Beaucardet-650x400.jpg",650,400,true],"cheerup-main-full":["https:\/\/www.familinparis.fr\/wp-content\/uploads\/2022\/11\/Fete-des-lanternes-\u00a9-William-Beaucardet.jpg",650,433,false],"cheerup-slider-alt":["https:\/\/www.familinparis.fr\/wp-content\/uploads\/2022\/11\/Fete-des-lanternes-\u00a9-William-Beaucardet.jpg",650,433,false],"cheerup-slider-trendy":["https:\/\/www.familinparis.fr\/wp-content\/uploads\/2022\/11\/Fete-des-lanternes-\u00a9-William-Beaucardet.jpg",650,433,false],"cheerup-slider-stylish":["https:\/\/www.familinparis.fr\/wp-content\/uploads\/2022\/11\/Fete-des-lanternes-\u00a9-William-Beaucardet.jpg",650,433,false],"cheerup-slider-grid":["https:\/\/www.familinparis.fr\/wp-content\/uploads\/2022\/11\/Fete-des-lanternes-\u00a9-William-Beaucardet.jpg",650,433,false],"cheerup-slider-grid-sm":["https:\/\/www.familinparis.fr\/wp-content\/uploads\/2022\/11\/Fete-des-lanternes-\u00a9-William-Beaucardet-300x300.jpg",300,300,true],"cheerup-slider-carousel":["https:\/\/www.familinparis.fr\/wp-content\/uploads\/2022\/11\/Fete-des-lanternes-\u00a9-William-Beaucardet-370x370.jpg",370,370,true],"cheerup-slider-grid-b":["https:\/\/www.familinparis.fr\/wp-content\/uploads\/2022\/11\/Fete-des-lanternes-\u00a9-William-Beaucardet-554x433.jpg",554,433,true],"cheerup-slider-grid-b-sm":["https:\/\/www.familinparis.fr\/wp-content\/uploads\/2022\/11\/Fete-des-lanternes-\u00a9-William-Beaucardet-306x433.jpg",306,433,true],"cheerup-slider-bold-sm":["https:\/\/www.familinparis.fr\/wp-content\/uploads\/2022\/11\/Fete-des-lanternes-\u00a9-William-Beaucardet-150x150.jpg",150,150,true],"cheerup-grid":["https:\/\/www.familinparis.fr\/wp-content\/uploads\/2022\/11\/Fete-des-lanternes-\u00a9-William-Beaucardet-370x285.jpg",370,285,true],"cheerup-carousel":["https:\/\/www.familinparis.fr\/wp-content\/uploads\/2022\/11\/Fete-des-lanternes-\u00a9-William-Beaucardet-270x180.jpg",270,180,true],"cheerup-carousel-b":["https:\/\/www.familinparis.fr\/wp-content\/uploads\/2022\/11\/Fete-des-lanternes-\u00a9-William-Beaucardet-370x285.jpg",370,285,true],"cheerup-list":["https:\/\/www.familinparis.fr\/wp-content\/uploads\/2022\/11\/Fete-des-lanternes-\u00a9-William-Beaucardet-260x200.jpg",260,200,true],"cheerup-list-b":["https:\/\/www.familinparis.fr\/wp-content\/uploads\/2022\/11\/Fete-des-lanternes-\u00a9-William-Beaucardet-370x305.jpg",370,305,true],"cheerup-thumb":["https:\/\/www.familinparis.fr\/wp-content\/uploads\/2022\/11\/Fete-des-lanternes-\u00a9-William-Beaucardet-87x67.jpg",87,67,true],"cheerup-thumb-alt":["https:\/\/www.familinparis.fr\/wp-content\/uploads\/2022\/11\/Fete-des-lanternes-\u00a9-William-Beaucardet-150x150.jpg",150,150,true]},"uagb_author_info":{"display_name":"olivia","author_link":"https:\/\/www.familinparis.fr\/en\/author\/olivia\/"},"uagb_comment_info":0,"uagb_excerpt":"December 7, 2024, from 5 p.m.","_links":{"self":[{"href":"https:\/\/www.familinparis.fr\/en\/wp-json\/wp\/v2\/posts\/134020","targetHints":{"allow":["GET"]}}],"collection":[{"href":"https:\/\/www.familinparis.fr\/en\/wp-json\/wp\/v2\/posts"}],"about":[{"href":"https:\/\/www.familinparis.fr\/en\/wp-json\/wp\/v2\/types\/post"}],"author":[{"embeddable":true,"href":"https:\/\/www.familinparis.fr\/en\/wp-json\/wp\/v2\/users\/5"}],"replies":[{"embeddable":true,"href":"https:\/\/www.familinparis.fr\/en\/wp-json\/wp\/v2\/comments?post=134020"}],"version-history":[{"count":0,"href":"https:\/\/www.familinparis.fr\/en\/wp-json\/wp\/v2\/posts\/134020\/revisions"}],"wp:featuredmedia":[{"embeddable":true,"href":"https:\/\/www.familinparis.fr\/en\/wp-json\/wp\/v2\/media\/133254"}],"wp:attachment":[{"href":"https:\/\/www.familinparis.fr\/en\/wp-json\/wp\/v2\/media?parent=134020"}],"wp:term":[{"taxonomy":"category","embeddable":true,"href":"https:\/\/www.familinparis.fr\/en\/wp-json\/wp\/v2\/categories?post=134020"},{"taxonomy":"post_tag","embeddable":true,"href":"https:\/\/www.familinparis.fr\/en\/wp-json\/wp\/v2\/tags?post=134020"}],"curies":[{"name":"wp","href":"https:\/\/api.w.org\/{rel}","templated":true}]}}