{"id":133718,"date":"2021-11-30T22:19:25","date_gmt":"2021-11-30T20:19:25","guid":{"rendered":"https:\/\/www.familinparis.fr\/classical-and-jazz-concerts\/"},"modified":"2026-02-12T14:37:19","modified_gmt":"2026-02-12T12:37:19","slug":"concerts-enfant-paris","status":"publish","type":"post","link":"https:\/\/www.familinparis.fr\/en\/concerts-enfant-paris\/","title":{"rendered":"Classical and jazz concerts"},"content":{"rendered":"<div class=\"lazyblock-baseline-1dWUqI wp-block-lazyblock-baseline\"><div class=\"baseline\">Jazz snacks, participatory concerts, musical workshops&#8230;<br>We advise you to book in advance, these concerts are a success, tickets are sold out quickly!<\/div><\/div>\n<div style=\"height:50px\" aria-hidden=\"true\" class=\"wp-block-spacer\"><\/div>\n\n<p>To introduce instruments, great French and foreign composers, major works of the classical repertoire or jazz <a href=\"https:\/\/www.familinparis.fr\/en\/the-best-activities-and-outings-in-paris-for-6-12-year-olds\/\">to <strong>children<\/strong><\/a> and even<a href=\"https:\/\/www.familinparis.fr\/en\/activities-and-ideas-for-outings-with-children-from-3-to-5-years-old-and-also-6-years-old\/\"> <strong>toddlers<\/strong><\/a><strong>. To give children a taste for music and the desire to push open the doors of classical or jazz concert halls later on. <\/strong><\/p>\n\n<div style=\"height:20px\" aria-hidden=\"true\" class=\"wp-block-spacer\"><\/div>\n<div class=\"lazyblock-grids-FPhN8 wp-block-lazyblock-grids\"><div class=\"row new-grids grids-style-2\">\n        \n    <div class=\"col-12 grids columns-5\">\n        \n\n<div class=\"grid\">\n\t<a href=\"https:\/\/www.familinparis.fr\/en\/a-family-concert-at-the-opera-comique\/\" target=\"_self\">\n\t    <div class=\"image\" style=\"background-image:url('https:\/\/www.familinparis.fr\/wp-content\/uploads\/Spectacles\/MUSICAL\/En-famille-opera-comique-564x282.jpg')\">\n\t    \t\t    \t<div class=\"dateOnImg\">29 mars &#8211; 14 juin<\/div>\n\t    \t\t\t\t\t    <\/div>\n\t    <div class=\"texte\">\n\t        <h5>Op\u00e9ra Comique (Paris 2e)<\/h5>\n\t        <h3>Op\u00e9ra Comique: family workshops &#8220;Voices in sharing&#8221;<\/h3>\n\t        <div class=\"tags\">\n\t        \t\t        \t\t<span>D\u00e8s 6 ans<\/span>\n\t        \t\t        \t<span>1 heure<\/span>\n\t        <\/div>\n\t        <div class=\"bas\">\n        \t\t<div class=\"prix\">\n        \t\t\t\t        \t\t\t<span>From<\/span>\n\t        \t\t\t<span class=\"\">12\u20ac<\/span>\n\t        \t\t\t\t        \t\t        \t\t<\/div>\n            \t<div class=\"review-stars\" data-productId=\"72\">\n            \t<\/div>\n\t        <\/div>\n\t    <\/div>\n\t<\/a>\n<\/div>\n\n<div class=\"grid\">\n\t<a href=\"https:\/\/www.familinparis.fr\/en\/candlelight-concert-in-paris\/\" target=\"_self\">\n\t    <div class=\"image\" style=\"background-image:url('https:\/\/www.familinparis.fr\/wp-content\/uploads\/2026\/01\/les-concerts-candelight-564x282.jpg')\">\n\t    \t\t    \t<div class=\"dateOnImg\">Nombreuses dates<\/div>\n\t    \t\t\t\t\t\t\t\t<div class=\"rond-blanc-age\"><span>For all<\/span><\/div>\n\t\t\t\t    <\/div>\n\t    <div class=\"texte\">\n\t        <h5>A Paris<\/h5>\n\t        <h3>Les concerts Candlelight<\/h3>\n\t        <div class=\"tags\">\n\t        \t\t        \t\t<span>CONCERTS ATYPIQUES<\/span>\n\t        \t\t        \t<span>1h<\/span>\n\t        <\/div>\n\t        <div class=\"bas\">\n        \t\t<div class=\"prix\">\n        \t\t\t\t        \t\t\t<span>From<\/span>\n\t        \t\t\t<span class=\"\">25\u20ac<\/span>\n\t        \t\t\t\t        \t\t        \t\t<\/div>\n            \t<div class=\"review-stars\" data-productId=\"\">\n            \t<\/div>\n\t        <\/div>\n\t    <\/div>\n\t<\/a>\n<\/div>\n\n<div class=\"grid\">\n\t<a href=\"https:\/\/www.familinparis.fr\/en\/concerts-for-young-audiences-at-the-theatre-des-champs-elysees\/\" target=\"_self\">\n\t    <div class=\"image\" style=\"background-image:url('https:\/\/www.familinparis.fr\/wp-content\/uploads\/Spectacles\/concerts\/theatre-des-champs-elysees-564x282.jpg')\">\n\t    \t\t\t\t\t    <\/div>\n\t    <div class=\"texte\">\n\t        <h5><\/h5>\n\t        <h3>Concerts for young audiences at the Th\u00e9\u00e2tre des Champs-Elys\u00e9es<\/h3>\n\t        <div class=\"tags\">\n\t        \t\t        \t<span><\/span>\n\t        <\/div>\n\t        <div class=\"bas\">\n        \t\t<div class=\"prix\">\n        \t\t\t        \t\t<\/div>\n            \t<div class=\"review-stars\" data-productId=\"\">\n            \t<\/div>\n\t        <\/div>\n\t    <\/div>\n\t<\/a>\n<\/div>\n\n<div class=\"grid\">\n\t<a href=\"https:\/\/www.familinparis.fr\/en\/luminiscence-paris-immersive-show\/\" target=\"_self\">\n\t    <div class=\"image\" style=\"background-image:url('https:\/\/www.familinparis.fr\/wp-content\/uploads\/2024\/03\/luminiscence-saint-eustache-paris-1er-\u00a9Mikhail-Sytenkov-564x282.jpg')\">\n\t    \t\t    \t<div class=\"dateOnImg\">30% OFF<\/div>\n\t    \t\t\t\t\t    <\/div>\n\t    <div class=\"texte\">\n\t        <h5>At the Saint-Eustache church<\/h5>\n\t        <h3>Luminiscence Paris: Immersive show<\/h3>\n\t        <div class=\"tags\">\n\t        \t\t        \t\t<span>From 6 years old<\/span>\n\t        \t\t        \t<span>40mn<\/span>\n\t        <\/div>\n\t        <div class=\"bas\">\n        \t\t<div class=\"prix\">\n        \t\t\t        \t\t<\/div>\n            \t<div class=\"review-stars\" data-productId=\"\">\n            \t<\/div>\n\t        <\/div>\n\t    <\/div>\n\t<\/a>\n<\/div>\n\n<div class=\"grid\">\n\t<a href=\"https:\/\/www.familinparis.fr\/en\/parent-child-workshops-at-opera-comique\/\" target=\"_self\">\n\t    <div class=\"image\" style=\"background-image:url('https:\/\/www.familinparis.fr\/wp-content\/uploads\/Spectacles\/MUSICAL\/opera-comique-564x282.jpg')\">\n\t    \t\t    \t<div class=\"dateOnImg\">Next date: December 21, 2024<\/div>\n\t    \t\t\t\t\t    <\/div>\n\t    <div class=\"texte\">\n\t        <h5>Op\u00e9ra Comique (Paris 2nd)<\/h5>\n\t        <h3>Parent-child workshops at Op\u00e9ra Comique<\/h3>\n\t        <div class=\"tags\">\n\t        \t\t        \t\t<span>From 6 years old<\/span>\n\t        \t\t        \t<span>1 hour<\/span>\n\t        <\/div>\n\t        <div class=\"bas\">\n        \t\t<div class=\"prix\">\n        \t\t\t\t        \t\t\t<span>From<\/span>\n\t        \t\t\t<span class=\"\">12\u20ac<\/span>\n\t        \t\t\t\t        \t\t        \t\t<\/div>\n            \t<div class=\"review-stars\" data-productId=\"\">\n            \t<\/div>\n\t        <\/div>\n\t    <\/div>\n\t<\/a>\n<\/div>\n\n<div class=\"grid\">\n\t<a href=\"https:\/\/www.familinparis.fr\/en\/my-little-operas\/\" target=\"_self\">\n\t    <div class=\"image\" style=\"background-image:url('https:\/\/www.familinparis.fr\/wp-content\/uploads\/Spectacles\/concerts\/mes-petits-operas-564x282.jpg')\">\n\t    \t\t\t\t\t    <\/div>\n\t    <div class=\"texte\">\n\t        <h5><\/h5>\n\t        <h3>My Little Operas<\/h3>\n\t        <div class=\"tags\">\n\t        \t\t        \t<span><\/span>\n\t        <\/div>\n\t        <div class=\"bas\">\n        \t\t<div class=\"prix\">\n        \t\t\t        \t\t<\/div>\n            \t<div class=\"review-stars\" data-productId=\"\">\n            \t<\/div>\n\t        <\/div>\n\t    <\/div>\n\t<\/a>\n<\/div>\n\n<div class=\"grid\">\n\t<a href=\"https:\/\/www.familinparis.fr\/en\/my-little-classics\/\" target=\"_self\">\n\t    <div class=\"image\" style=\"background-image:url('https:\/\/www.familinparis.fr\/wp-content\/uploads\/Spectacles\/MUSICAL\/Petits\/Mes-petits-classiques-spectacle-musical-564x282.jpg')\">\n\t    \t\t    \t<div class=\"dateOnImg\">Until July 13, 2025<\/div>\n\t    \t\t\t\t\t    <\/div>\n\t    <div class=\"texte\">\n\t        <h5>At the La Boussole theater (Paris 10th)<\/h5>\n\t        <h3>My little classics<\/h3>\n\t        <div class=\"tags\">\n\t        \t\t        \t\t<span>For 4-8 year olds<\/span>\n\t        \t\t        \t<span>1 hour<\/span>\n\t        <\/div>\n\t        <div class=\"bas\">\n        \t\t<div class=\"prix\">\n        \t\t\t        \t\t<\/div>\n            \t<div class=\"review-stars\" data-productId=\"\">\n            \t<\/div>\n\t        <\/div>\n\t    <\/div>\n\t<\/a>\n<\/div>\n\n<div class=\"grid\">\n\t<a href=\"https:\/\/www.familinparis.fr\/en\/fnac-live-paris-2023\/\" target=\"_self\">\n\t    <div class=\"image\" style=\"background-image:url('https:\/\/www.familinparis.fr\/wp-content\/uploads\/Spectacles\/concerts\/Fnac-live-2025.jpg')\">\n\t    \t\t\t\t\t    <\/div>\n\t    <div class=\"texte\">\n\t        <h5><\/h5>\n\t        <h3>Fnac Live Paris 2023<\/h3>\n\t        <div class=\"tags\">\n\t        \t\t        \t<span><\/span>\n\t        <\/div>\n\t        <div class=\"bas\">\n        \t\t<div class=\"prix\">\n        \t\t\t        \t\t<\/div>\n            \t<div class=\"review-stars\" data-productId=\"\">\n            \t<\/div>\n\t        <\/div>\n\t    <\/div>\n\t<\/a>\n<\/div>\n\n<div class=\"grid\">\n\t<a href=\"https:\/\/www.familinparis.fr\/en\/les-bebe-concerts-lamoureux-orchestra\/\" target=\"_self\">\n\t    <div class=\"image\" style=\"background-image:url('https:\/\/www.familinparis.fr\/wp-content\/uploads\/Spectacles\/concerts\/images.jpeg')\">\n\t    \t\t\t\t\t    <\/div>\n\t    <div class=\"texte\">\n\t        <h5><\/h5>\n\t        <h3>Les b\u00e9b\u00e9 concerts (Lamoureux orchestra)<\/h3>\n\t        <div class=\"tags\">\n\t        \t\t        \t<span><\/span>\n\t        <\/div>\n\t        <div class=\"bas\">\n        \t\t<div class=\"prix\">\n        \t\t\t        \t\t<\/div>\n            \t<div class=\"review-stars\" data-productId=\"\">\n            \t<\/div>\n\t        <\/div>\n\t    <\/div>\n\t<\/a>\n<\/div>\n\n<div class=\"grid\">\n\t<a href=\"https:\/\/www.familinparis.fr\/en\/the-childrens-philharmonic\/\" target=\"_self\">\n\t    <div class=\"image\" style=\"background-image:url('https:\/\/www.familinparis.fr\/wp-content\/uploads\/Mus\u00e9es\/Philharmonie-des-enfants\/PDE-explore-la-musique-564x282.jpg')\">\n\t    \t\t    \t<div class=\"dateOnImg\">Reopening on September 21<\/div>\n\t    \t\t\t\t\t    <\/div>\n\t    <div class=\"texte\">\n\t        <h5>Philharmonie de Paris (Paris 19th)<\/h5>\n\t        <h3>The Children&#8217;s Philharmonic<\/h3>\n\t        <div class=\"tags\">\n\t        \t\t        \t\t<span>4 to 10 years<\/span>\n\t        \t\t        \t<span>1h15<\/span>\n\t        <\/div>\n\t        <div class=\"bas\">\n        \t\t<div class=\"prix\">\n        \t\t\t        \t\t<\/div>\n            \t<div class=\"review-stars\" data-productId=\"\">\n            \t<\/div>\n\t        <\/div>\n\t    <\/div>\n\t<\/a>\n<\/div>\n\n<div class=\"grid\">\n\t<a href=\"https:\/\/www.familinparis.fr\/en\/the-philharmonie-de-paris-with-the-family\/\" target=\"_self\">\n\t    <div class=\"image\" style=\"background-image:url('https:\/\/www.familinparis.fr\/wp-content\/uploads\/Spectacles\/concerts\/la-philharmonie-de-paris-564x282.jpg')\">\n\t    \t\t\t\t\t    <\/div>\n\t    <div class=\"texte\">\n\t        <h5><\/h5>\n\t        <h3>The Philharmonie de Paris with the family<\/h3>\n\t        <div class=\"tags\">\n\t        \t\t        \t<span><\/span>\n\t        <\/div>\n\t        <div class=\"bas\">\n        \t\t<div class=\"prix\">\n        \t\t\t        \t\t<\/div>\n            \t<div class=\"review-stars\" data-productId=\"\">\n            \t<\/div>\n\t        <\/div>\n\t    <\/div>\n\t<\/a>\n<\/div>\n\n<div class=\"grid\">\n\t<a href=\"https:\/\/www.familinparis.fr\/en\/jazz-and-afternoon-tea-at-sunset-sunside\/\" target=\"_self\">\n\t    <div class=\"image\" style=\"background-image:url('https:\/\/www.familinparis.fr\/wp-content\/uploads\/Spectacles\/concerts\/JAZZ-saison-2024-2025-564x282.jpg')\">\n\t    \t\t    \t<div class=\"dateOnImg\">Every Sunday<\/div>\n\t    \t\t\t\t\t    <\/div>\n\t    <div class=\"texte\">\n\t        <h5>At the Sunset Sunside (Paris 1st)<\/h5>\n\t        <h3>Jazz and Afternoon Tea at Sunset Sunside<\/h3>\n\t        <div class=\"tags\">\n\t        \t\t        \t\t<span>For 2 &#8211; 6 year olds<\/span>\n\t        \t\t        \t<span>1 hour<\/span>\n\t        <\/div>\n\t        <div class=\"bas\">\n        \t\t<div class=\"prix\">\n        \t\t\t        \t\t<\/div>\n            \t<div class=\"review-stars\" data-productId=\"52\">\n            \t<\/div>\n\t        <\/div>\n\t    <\/div>\n\t<\/a>\n<\/div>    <\/div>\n\n    \n    \n\n<\/div>\n<\/div>\n<div style=\"height:50px\" aria-hidden=\"true\" class=\"wp-block-spacer\"><\/div>\n\n<p><strong>Concerts for young audiences in Paris: a musical adventure to enjoy with the family<\/strong><\/p>\n\n<p>Paris offers many musical events all year round specially designed for children and families. These concerts are open to all, Parisians and tourists. You don&#8217;t need to be fluent in French to enjoy it!  <\/p>\n\n<p><strong>Jazz, opera and classical music for children.<\/strong> Classical concerts and jazz concerts at <strong>the Philharmonie de Paris<\/strong>, the <strong>Op\u00e9ra Bastille<\/strong>, the <strong><a href=\"https:\/\/www.familinparis.fr\/en\/parent-child-workshops-at-opera-comique\/\">Op\u00e9ra Comique<\/a><\/strong>, the <strong><a href=\"\/Spectacles\/concerts\/jazz-et-gouter.jpg\">Sunset Sunside<\/a><\/strong> club (a real jazz club) or <strong>the Maison de la Radio<\/strong>&#8230; These performance halls offer music workshops, Jazz snacks (from the age of 2) or participatory concerts   <\/p>\n\n<p>Families can discover a wide variety of musical genres. These concerts are carefully designed to capture the attention of children, with shows suitable for every age. Music becomes accessible and exciting for children, even very young ones.  <\/p>\n\n<p><\/p>\n\n<p>Often, children&#8217;s concerts offer young audiences the opportunity to become actors in the experience, thanks to participatory experiences. In addition to listening, they can sometimes touch instruments, sing, or even participate in musical workshops before or after the concert. This allows them to develop their musical curiosity while spending a joyful and playful moment with their family.  <\/p>\n\n<hr class=\"wp-block-separator has-alpha-channel-opacity\" \/>\n<div class=\"wp-block-image\">\n<figure class=\"aligncenter size-thumbnail\"><img decoding=\"async\" width=\"150\" height=\"150\" src=\"\/wp-content\/uploads\/Dessins\/Concert\/rock-batteur-medium-150x150.jpg\" alt=\"Family concerts\" class=\"wp-image-18483\" srcset=\"https:\/\/www.familinparis.fr\/wp-content\/uploads\/Dessins\/Concert\/rock-batteur-medium-150x150.jpg 150w, https:\/\/www.familinparis.fr\/wp-content\/uploads\/Dessins\/Concert\/rock-batteur-medium-50x50.jpg 50w\" sizes=\"(max-width: 150px) 100vw, 150px\" \/><\/figure>\n<\/div>\n<h2 class=\"wp-block-heading has-text-align-center\"><a href=\"https:\/\/www.familinparis.fr\/en\/what-to-do-tonight-in-paris\/\">What to do tonight with your family?<\/a><\/h2>\n\n<div class=\"wp-block-columns is-layout-flex wp-container-core-columns-is-layout-9d6595d7 wp-block-columns-is-layout-flex\">\n<div class=\"wp-block-column is-layout-flow wp-block-column-is-layout-flow\">\n<div class=\"wp-block-getwid-banner m-b-30 has-animation-style4 has-text-animation-opacity-bottom has-foreground-20\"><a href=\"https:\/\/www.familinparis.fr\/en\/plays-for-children-and-teenagers-in-paris\/\" class=\"wp-block-getwid-banner__link\"><div class=\"wp-block-getwid-banner__wrapper\"><img decoding=\"async\" width=\"1000\" height=\"667\" src=\"https:\/\/www.familinparis.fr\/wp-content\/uploads\/Spectacles\/theatre-sh_262527686.jpg\" alt=\"\" class=\"wp-block-getwid-banner__image wp-block-getwid-banner__source wp-image-77925\" srcset=\"https:\/\/www.familinparis.fr\/wp-content\/uploads\/Spectacles\/theatre-sh_262527686.jpg 1000w, https:\/\/www.familinparis.fr\/wp-content\/uploads\/Spectacles\/theatre-sh_262527686-300x200.jpg 300w, https:\/\/www.familinparis.fr\/wp-content\/uploads\/Spectacles\/theatre-sh_262527686-768x512.jpg 768w, https:\/\/www.familinparis.fr\/wp-content\/uploads\/Spectacles\/theatre-sh_262527686-18x12.jpg 18w, https:\/\/www.familinparis.fr\/wp-content\/uploads\/Spectacles\/theatre-sh_262527686-730x487.jpg 730w, https:\/\/www.familinparis.fr\/wp-content\/uploads\/Spectacles\/theatre-sh_262527686-270x180.jpg 270w\" sizes=\"(max-width: 1000px) 100vw, 1000px\" \/><div class=\"wp-block-getwid-banner__caption\" style=\"min-height:400px\"><div class=\"wp-block-getwid-banner__caption-wrapper\"><span class=\"wp-block-getwid-banner__title\">Plays  <\/span><\/div><\/div><\/div><\/a><\/div>\n<\/div>\n\n\n\n<div class=\"wp-block-column is-layout-flow wp-block-column-is-layout-flow\">\n<div class=\"wp-block-getwid-banner m-b-30 has-animation-style4 has-text-animation-opacity-bottom has-foreground-20\"><a href=\"https:\/\/www.familinparis.fr\/en\/circus-shows-in-paris\/\" class=\"wp-block-getwid-banner__link\"><div class=\"wp-block-getwid-banner__wrapper\"><img decoding=\"async\" width=\"962\" height=\"500\" src=\"https:\/\/www.familinparis.fr\/wp-content\/uploads\/CIRQUE\/les-dodos-theatre-le-monfort.jpg\" alt=\"\" class=\"wp-block-getwid-banner__image wp-block-getwid-banner__source wp-image-32934\" srcset=\"https:\/\/www.familinparis.fr\/wp-content\/uploads\/CIRQUE\/les-dodos-theatre-le-monfort.jpg 962w, https:\/\/www.familinparis.fr\/wp-content\/uploads\/CIRQUE\/les-dodos-theatre-le-monfort-300x156.jpg 300w, https:\/\/www.familinparis.fr\/wp-content\/uploads\/CIRQUE\/les-dodos-theatre-le-monfort-730x379.jpg 730w, https:\/\/www.familinparis.fr\/wp-content\/uploads\/CIRQUE\/les-dodos-theatre-le-monfort-770x400.jpg 770w, https:\/\/www.familinparis.fr\/wp-content\/uploads\/CIRQUE\/les-dodos-theatre-le-monfort-960x500.jpg 960w\" sizes=\"(max-width: 962px) 100vw, 962px\" \/><div class=\"wp-block-getwid-banner__caption\" style=\"min-height:400px\"><div class=\"wp-block-getwid-banner__caption-wrapper\"><span class=\"wp-block-getwid-banner__title\">Circus shows  <\/span><\/div><\/div><\/div><\/a><\/div>\n<\/div>\n\n\n\n<div class=\"wp-block-column is-layout-flow wp-block-column-is-layout-flow\">\n<div class=\"wp-block-getwid-banner m-b-30 has-animation-style4 has-text-animation-opacity-bottom has-foreground-20\"><a href=\"https:\/\/www.familinparis.fr\/en\/musicals-in-paris\/\" class=\"wp-block-getwid-banner__link\"><div class=\"wp-block-getwid-banner__wrapper\"><img decoding=\"async\" width=\"900\" height=\"504\" src=\"\/wp-content\/uploads\/Spectacles\/MUSICAL\/kid\/le-roi-lion-comedie-musicale.jpg\" alt=\"\" class=\"wp-block-getwid-banner__image wp-block-getwid-banner__source wp-image-54214\" srcset=\"https:\/\/www.familinparis.fr\/wp-content\/uploads\/Spectacles\/MUSICAL\/kid\/le-roi-lion-comedie-musicale.jpg 900w, https:\/\/www.familinparis.fr\/wp-content\/uploads\/Spectacles\/MUSICAL\/kid\/le-roi-lion-comedie-musicale-300x168.jpg 300w, https:\/\/www.familinparis.fr\/wp-content\/uploads\/Spectacles\/MUSICAL\/kid\/le-roi-lion-comedie-musicale-18x10.jpg 18w, https:\/\/www.familinparis.fr\/wp-content\/uploads\/Spectacles\/MUSICAL\/kid\/le-roi-lion-comedie-musicale-730x409.jpg 730w\" sizes=\"(max-width: 900px) 100vw, 900px\" \/><div class=\"wp-block-getwid-banner__caption\" style=\"min-height:400px\"><div class=\"wp-block-getwid-banner__caption-wrapper\"><span class=\"wp-block-getwid-banner__title\">Musicals  <\/span><\/div><\/div><\/div><\/a><\/div>\n<\/div>\n\n\n\n<div class=\"wp-block-column is-layout-flow wp-block-column-is-layout-flow\">\n<div class=\"wp-block-getwid-banner m-b-30 has-animation-style4 has-text-animation-opacity-bottom has-foreground-20\"><a href=\"https:\/\/www.familinparis.fr\/en\/magic-show-in-paris-for-fans\/\" class=\"wp-block-getwid-banner__link\"><div class=\"wp-block-getwid-banner__wrapper\"><img decoding=\"async\" width=\"700\" height=\"467\" src=\"https:\/\/www.familinparis.fr\/wp-content\/uploads\/Visites-Insolites\/Marais\/tour-de-magie-visite-spectacle-marais.jpg\" alt=\"\" class=\"wp-block-getwid-banner__image wp-block-getwid-banner__source wp-image-17837\" srcset=\"https:\/\/www.familinparis.fr\/wp-content\/uploads\/Visites-Insolites\/Marais\/tour-de-magie-visite-spectacle-marais.jpg 700w, https:\/\/www.familinparis.fr\/wp-content\/uploads\/Visites-Insolites\/Marais\/tour-de-magie-visite-spectacle-marais-300x200.jpg 300w, https:\/\/www.familinparis.fr\/wp-content\/uploads\/Visites-Insolites\/Marais\/tour-de-magie-visite-spectacle-marais-270x180.jpg 270w\" sizes=\"(max-width: 700px) 100vw, 700px\" \/><div class=\"wp-block-getwid-banner__caption\" style=\"min-height:400px\"><div class=\"wp-block-getwid-banner__caption-wrapper\"><span class=\"wp-block-getwid-banner__title\">Magic shows  <\/span><\/div><\/div><\/div><\/a><\/div>\n<\/div>\n<\/div>\n<div class=\"lazyblock-etiquettes-Z1UvKnG wp-block-lazyblock-etiquettes\"><div class=\"labels__fam\">\n        <a href=\"\/quoi-faire-ce-week-end\/\" class=\"labels__fam-color-blue labels__fam-radius-rounded\">\n        PARIS THIS WEEKEND      <\/a>\n        <a href=\"\/que-faire-le-mercredi-a-paris\/\" class=\"labels__fam-color-yellow labels__fam-radius-rounded\">\n        PARIS ON WEDNESDAYS      <\/a>\n        <a href=\"\/expo-enfants\/\" class=\"labels__fam-color-pink labels__fam-radius-rounded\">\n        THE TOP OF THE EXHIBITIONS      <\/a>\n        <a href=\"\/spectacle-enfant\/\" class=\"labels__fam-color-orange labels__fam-radius-rounded\">\n        THE TOP SHOWS      <\/a>\n  <\/div><\/div>","protected":false},"excerpt":{"rendered":"<p>To introduce instruments, great French and foreign composers, major works of the classical repertoire or jazz to children and even toddlers. To give children a taste for music and the desire to push open the doors of classical or jazz concert halls later on. Concerts for young audiences in Paris: a musical adventure to enjoy<\/p>\n","protected":false},"author":6,"featured_media":131456,"comment_status":"open","ping_status":"open","sticky":false,"template":"","format":"standard","meta":{"_uag_custom_page_level_css":"","footnotes":""},"categories":[1310,21],"tags":[1208,1226,1272,1206,1257,1241],"class_list":{"0":"post-133718","1":"post","2":"type-post","3":"status-publish","4":"format-standard","5":"has-post-thumbnail","7":"category-shows","8":"category-spectacles","9":"tag-for-3-6-year-olds","10":"tag-for-7-12-year-olds","11":"tag-for-babies","12":"tag-for-teens","13":"tag-rain","14":"tag-wednesday"},"yoast_head":"<!-- This site is optimized with the Yoast SEO plugin v27.2 - https:\/\/yoast.com\/product\/yoast-seo-wordpress\/ -->\n<title>Concerts for young audiences with families in Paris | BOOK NOW<\/title>\n<meta name=\"description\" content=\"All the concerts for young audiences, musical workshops, jazz snacks or participatory concerts to do with the family this weekend.family concerts\" \/>\n<meta name=\"robots\" content=\"index, follow, max-snippet:-1, max-image-preview:large, max-video-preview:-1\" \/>\n<link rel=\"canonical\" href=\"https:\/\/www.familinparis.fr\/en\/concerts-enfant-paris\/\" \/>\n<meta property=\"og:locale\" content=\"en_US\" \/>\n<meta property=\"og:type\" content=\"article\" \/>\n<meta property=\"og:title\" content=\"Concerts for young audiences with families in Paris | BOOK NOW\" \/>\n<meta property=\"og:description\" content=\"All the concerts for young audiences, musical workshops, jazz snacks or participatory concerts to do with the family this weekend.family concerts\" \/>\n<meta property=\"og:url\" content=\"https:\/\/www.familinparis.fr\/en\/concerts-enfant-paris\/\" \/>\n<meta property=\"og:site_name\" content=\"Familin&#039;Paris\" \/>\n<meta property=\"article:published_time\" content=\"2021-11-30T20:19:25+00:00\" \/>\n<meta property=\"article:modified_time\" content=\"2026-02-12T12:37:19+00:00\" \/>\n<meta property=\"og:image\" content=\"https:\/\/www.familinparis.fr\/wp-content\/uploads\/Spectacles\/concert-sh_770907337.jpg\" \/>\n\t<meta property=\"og:image:width\" content=\"1000\" \/>\n\t<meta property=\"og:image:height\" content=\"666\" \/>\n\t<meta property=\"og:image:type\" content=\"image\/jpeg\" \/>\n<meta name=\"author\" content=\"Agn\u00e8s\" \/>\n<meta name=\"twitter:card\" content=\"summary_large_image\" \/>\n<meta name=\"twitter:label1\" content=\"Written by\" \/>\n\t<meta name=\"twitter:data1\" content=\"Agn\u00e8s\" \/>\n\t<meta name=\"twitter:label2\" content=\"Est. reading time\" \/>\n\t<meta name=\"twitter:data2\" content=\"1 minute\" \/>\n<script type=\"application\/ld+json\" class=\"yoast-schema-graph\">{\"@context\":\"https:\/\/schema.org\",\"@graph\":[{\"@type\":\"Article\",\"@id\":\"https:\/\/www.familinparis.fr\/en\/concerts-enfant-paris\/#article\",\"isPartOf\":{\"@id\":\"https:\/\/www.familinparis.fr\/en\/concerts-enfant-paris\/\"},\"author\":{\"name\":\"Agn\u00e8s\",\"@id\":\"https:\/\/www.familinparis.fr\/en\/#\/schema\/person\/20deb9130cb58f76b535d316fe0aa31f\"},\"headline\":\"Classical and jazz concerts\",\"datePublished\":\"2021-11-30T20:19:25+00:00\",\"dateModified\":\"2026-02-12T12:37:19+00:00\",\"mainEntityOfPage\":{\"@id\":\"https:\/\/www.familinparis.fr\/en\/concerts-enfant-paris\/\"},\"wordCount\":259,\"commentCount\":0,\"image\":{\"@id\":\"https:\/\/www.familinparis.fr\/en\/concerts-enfant-paris\/#primaryimage\"},\"thumbnailUrl\":\"https:\/\/www.familinparis.fr\/wp-content\/uploads\/Spectacles\/concert-sh_770907337.jpg\",\"keywords\":[\"For 3-6 year olds\",\"For 7-12 year olds\",\"For babies\",\"For teens\",\"rain\",\"Wednesday\"],\"articleSection\":[\"Shows\",\"Spectacles\"],\"inLanguage\":\"en-US\",\"potentialAction\":[{\"@type\":\"CommentAction\",\"name\":\"Comment\",\"target\":[\"https:\/\/www.familinparis.fr\/en\/concerts-enfant-paris\/#respond\"]}]},{\"@type\":\"WebPage\",\"@id\":\"https:\/\/www.familinparis.fr\/en\/concerts-enfant-paris\/\",\"url\":\"https:\/\/www.familinparis.fr\/en\/concerts-enfant-paris\/\",\"name\":\"Concerts for young audiences with families in Paris | BOOK NOW\",\"isPartOf\":{\"@id\":\"https:\/\/www.familinparis.fr\/en\/#website\"},\"primaryImageOfPage\":{\"@id\":\"https:\/\/www.familinparis.fr\/en\/concerts-enfant-paris\/#primaryimage\"},\"image\":{\"@id\":\"https:\/\/www.familinparis.fr\/en\/concerts-enfant-paris\/#primaryimage\"},\"thumbnailUrl\":\"https:\/\/www.familinparis.fr\/wp-content\/uploads\/Spectacles\/concert-sh_770907337.jpg\",\"datePublished\":\"2021-11-30T20:19:25+00:00\",\"dateModified\":\"2026-02-12T12:37:19+00:00\",\"author\":{\"@id\":\"https:\/\/www.familinparis.fr\/en\/#\/schema\/person\/20deb9130cb58f76b535d316fe0aa31f\"},\"description\":\"All the concerts for young audiences, musical workshops, jazz snacks or participatory concerts to do with the family this weekend.family concerts\",\"breadcrumb\":{\"@id\":\"https:\/\/www.familinparis.fr\/en\/concerts-enfant-paris\/#breadcrumb\"},\"inLanguage\":\"en-US\",\"potentialAction\":[{\"@type\":\"ReadAction\",\"target\":[\"https:\/\/www.familinparis.fr\/en\/concerts-enfant-paris\/\"]}]},{\"@type\":\"ImageObject\",\"inLanguage\":\"en-US\",\"@id\":\"https:\/\/www.familinparis.fr\/en\/concerts-enfant-paris\/#primaryimage\",\"url\":\"https:\/\/www.familinparis.fr\/wp-content\/uploads\/Spectacles\/concert-sh_770907337.jpg\",\"contentUrl\":\"https:\/\/www.familinparis.fr\/wp-content\/uploads\/Spectacles\/concert-sh_770907337.jpg\",\"width\":1000,\"height\":666},{\"@type\":\"BreadcrumbList\",\"@id\":\"https:\/\/www.familinparis.fr\/en\/concerts-enfant-paris\/#breadcrumb\",\"itemListElement\":[{\"@type\":\"ListItem\",\"position\":1,\"name\":\"Home\",\"item\":\"https:\/\/www.familinparis.fr\/en\/\"},{\"@type\":\"ListItem\",\"position\":2,\"name\":\"Shows\",\"item\":\"https:\/\/www.familinparis.fr\/en\/categorie\/shows\/\"},{\"@type\":\"ListItem\",\"position\":3,\"name\":\"Classical and jazz concerts\"}]},{\"@type\":\"WebSite\",\"@id\":\"https:\/\/www.familinparis.fr\/en\/#website\",\"url\":\"https:\/\/www.familinparis.fr\/en\/\",\"name\":\"Familin&#039;Paris\",\"description\":\"Visiter le meilleur de Paris avec des enfants : sorties, spectacles, adresses de restaurants, shopping, bons plans...\",\"potentialAction\":[{\"@type\":\"SearchAction\",\"target\":{\"@type\":\"EntryPoint\",\"urlTemplate\":\"https:\/\/www.familinparis.fr\/en\/?s={search_term_string}\"},\"query-input\":{\"@type\":\"PropertyValueSpecification\",\"valueRequired\":true,\"valueName\":\"search_term_string\"}}],\"inLanguage\":\"en-US\"},{\"@type\":\"Person\",\"@id\":\"https:\/\/www.familinparis.fr\/en\/#\/schema\/person\/20deb9130cb58f76b535d316fe0aa31f\",\"name\":\"Agn\u00e8s\",\"image\":{\"@type\":\"ImageObject\",\"inLanguage\":\"en-US\",\"@id\":\"https:\/\/secure.gravatar.com\/avatar\/0ff338e2776ca662585d438b3bc140cbe7b54659207d3329065be97ffb37fa5a?s=96&d=identicon&r=g\",\"url\":\"https:\/\/secure.gravatar.com\/avatar\/0ff338e2776ca662585d438b3bc140cbe7b54659207d3329065be97ffb37fa5a?s=96&d=identicon&r=g\",\"contentUrl\":\"https:\/\/secure.gravatar.com\/avatar\/0ff338e2776ca662585d438b3bc140cbe7b54659207d3329065be97ffb37fa5a?s=96&d=identicon&r=g\",\"caption\":\"Agn\u00e8s\"}}]}<\/script>\n<!-- \/ Yoast SEO plugin. -->","yoast_head_json":{"title":"Concerts for young audiences with families in Paris | BOOK NOW","description":"All the concerts for young audiences, musical workshops, jazz snacks or participatory concerts to do with the family this weekend.family concerts","robots":{"index":"index","follow":"follow","max-snippet":"max-snippet:-1","max-image-preview":"max-image-preview:large","max-video-preview":"max-video-preview:-1"},"canonical":"https:\/\/www.familinparis.fr\/en\/concerts-enfant-paris\/","og_locale":"en_US","og_type":"article","og_title":"Concerts for young audiences with families in Paris | BOOK NOW","og_description":"All the concerts for young audiences, musical workshops, jazz snacks or participatory concerts to do with the family this weekend.family concerts","og_url":"https:\/\/www.familinparis.fr\/en\/concerts-enfant-paris\/","og_site_name":"Familin&#039;Paris","article_published_time":"2021-11-30T20:19:25+00:00","article_modified_time":"2026-02-12T12:37:19+00:00","og_image":[{"width":1000,"height":666,"url":"https:\/\/www.familinparis.fr\/wp-content\/uploads\/Spectacles\/concert-sh_770907337.jpg","type":"image\/jpeg"}],"author":"Agn\u00e8s","twitter_card":"summary_large_image","twitter_misc":{"Written by":"Agn\u00e8s","Est. reading time":"1 minute"},"schema":{"@context":"https:\/\/schema.org","@graph":[{"@type":"Article","@id":"https:\/\/www.familinparis.fr\/en\/concerts-enfant-paris\/#article","isPartOf":{"@id":"https:\/\/www.familinparis.fr\/en\/concerts-enfant-paris\/"},"author":{"name":"Agn\u00e8s","@id":"https:\/\/www.familinparis.fr\/en\/#\/schema\/person\/20deb9130cb58f76b535d316fe0aa31f"},"headline":"Classical and jazz concerts","datePublished":"2021-11-30T20:19:25+00:00","dateModified":"2026-02-12T12:37:19+00:00","mainEntityOfPage":{"@id":"https:\/\/www.familinparis.fr\/en\/concerts-enfant-paris\/"},"wordCount":259,"commentCount":0,"image":{"@id":"https:\/\/www.familinparis.fr\/en\/concerts-enfant-paris\/#primaryimage"},"thumbnailUrl":"https:\/\/www.familinparis.fr\/wp-content\/uploads\/Spectacles\/concert-sh_770907337.jpg","keywords":["For 3-6 year olds","For 7-12 year olds","For babies","For teens","rain","Wednesday"],"articleSection":["Shows","Spectacles"],"inLanguage":"en-US","potentialAction":[{"@type":"CommentAction","name":"Comment","target":["https:\/\/www.familinparis.fr\/en\/concerts-enfant-paris\/#respond"]}]},{"@type":"WebPage","@id":"https:\/\/www.familinparis.fr\/en\/concerts-enfant-paris\/","url":"https:\/\/www.familinparis.fr\/en\/concerts-enfant-paris\/","name":"Concerts for young audiences with families in Paris | BOOK NOW","isPartOf":{"@id":"https:\/\/www.familinparis.fr\/en\/#website"},"primaryImageOfPage":{"@id":"https:\/\/www.familinparis.fr\/en\/concerts-enfant-paris\/#primaryimage"},"image":{"@id":"https:\/\/www.familinparis.fr\/en\/concerts-enfant-paris\/#primaryimage"},"thumbnailUrl":"https:\/\/www.familinparis.fr\/wp-content\/uploads\/Spectacles\/concert-sh_770907337.jpg","datePublished":"2021-11-30T20:19:25+00:00","dateModified":"2026-02-12T12:37:19+00:00","author":{"@id":"https:\/\/www.familinparis.fr\/en\/#\/schema\/person\/20deb9130cb58f76b535d316fe0aa31f"},"description":"All the concerts for young audiences, musical workshops, jazz snacks or participatory concerts to do with the family this weekend.family concerts","breadcrumb":{"@id":"https:\/\/www.familinparis.fr\/en\/concerts-enfant-paris\/#breadcrumb"},"inLanguage":"en-US","potentialAction":[{"@type":"ReadAction","target":["https:\/\/www.familinparis.fr\/en\/concerts-enfant-paris\/"]}]},{"@type":"ImageObject","inLanguage":"en-US","@id":"https:\/\/www.familinparis.fr\/en\/concerts-enfant-paris\/#primaryimage","url":"https:\/\/www.familinparis.fr\/wp-content\/uploads\/Spectacles\/concert-sh_770907337.jpg","contentUrl":"https:\/\/www.familinparis.fr\/wp-content\/uploads\/Spectacles\/concert-sh_770907337.jpg","width":1000,"height":666},{"@type":"BreadcrumbList","@id":"https:\/\/www.familinparis.fr\/en\/concerts-enfant-paris\/#breadcrumb","itemListElement":[{"@type":"ListItem","position":1,"name":"Home","item":"https:\/\/www.familinparis.fr\/en\/"},{"@type":"ListItem","position":2,"name":"Shows","item":"https:\/\/www.familinparis.fr\/en\/categorie\/shows\/"},{"@type":"ListItem","position":3,"name":"Classical and jazz concerts"}]},{"@type":"WebSite","@id":"https:\/\/www.familinparis.fr\/en\/#website","url":"https:\/\/www.familinparis.fr\/en\/","name":"Familin&#039;Paris","description":"Visiter le meilleur de Paris avec des enfants : sorties, spectacles, adresses de restaurants, shopping, bons plans...","potentialAction":[{"@type":"SearchAction","target":{"@type":"EntryPoint","urlTemplate":"https:\/\/www.familinparis.fr\/en\/?s={search_term_string}"},"query-input":{"@type":"PropertyValueSpecification","valueRequired":true,"valueName":"search_term_string"}}],"inLanguage":"en-US"},{"@type":"Person","@id":"https:\/\/www.familinparis.fr\/en\/#\/schema\/person\/20deb9130cb58f76b535d316fe0aa31f","name":"Agn\u00e8s","image":{"@type":"ImageObject","inLanguage":"en-US","@id":"https:\/\/secure.gravatar.com\/avatar\/0ff338e2776ca662585d438b3bc140cbe7b54659207d3329065be97ffb37fa5a?s=96&d=identicon&r=g","url":"https:\/\/secure.gravatar.com\/avatar\/0ff338e2776ca662585d438b3bc140cbe7b54659207d3329065be97ffb37fa5a?s=96&d=identicon&r=g","contentUrl":"https:\/\/secure.gravatar.com\/avatar\/0ff338e2776ca662585d438b3bc140cbe7b54659207d3329065be97ffb37fa5a?s=96&d=identicon&r=g","caption":"Agn\u00e8s"}}]}},"uagb_featured_image_src":{"full":["https:\/\/www.familinparis.fr\/wp-content\/uploads\/Spectacles\/concert-sh_770907337.jpg",1000,666,false],"thumbnail":["https:\/\/www.familinparis.fr\/wp-content\/uploads\/Spectacles\/concert-sh_770907337-150x150.jpg",150,150,true],"medium":["https:\/\/www.familinparis.fr\/wp-content\/uploads\/Spectacles\/concert-sh_770907337-300x200.jpg",300,200,true],"medium_large":["https:\/\/www.familinparis.fr\/wp-content\/uploads\/Spectacles\/concert-sh_770907337-768x511.jpg",768,511,true],"large":["https:\/\/www.familinparis.fr\/wp-content\/uploads\/Spectacles\/concert-sh_770907337.jpg",770,513,false],"1536x1536":["https:\/\/www.familinparis.fr\/wp-content\/uploads\/Spectacles\/concert-sh_770907337.jpg",1000,666,false],"2048x2048":["https:\/\/www.familinparis.fr\/wp-content\/uploads\/Spectacles\/concert-sh_770907337.jpg",1000,666,false],"home-thumb":["https:\/\/www.familinparis.fr\/wp-content\/uploads\/Spectacles\/concert-sh_770907337-730x486.jpg",730,486,true],"home-slider":["https:\/\/www.familinparis.fr\/wp-content\/uploads\/Spectacles\/concert-sh_770907337-800x600.jpg",800,600,true],"lightbox-slider-size":["https:\/\/www.familinparis.fr\/wp-content\/uploads\/Spectacles\/concert-sh_770907337-564x282.jpg",564,282,true],"post-thumbnail":["https:\/\/www.familinparis.fr\/wp-content\/uploads\/Spectacles\/concert-sh_770907337-270x180.jpg",270,180,true],"cheerup-main":["https:\/\/www.familinparis.fr\/wp-content\/uploads\/Spectacles\/concert-sh_770907337-770x400.jpg",770,400,true],"cheerup-main-full":["https:\/\/www.familinparis.fr\/wp-content\/uploads\/Spectacles\/concert-sh_770907337-1000x508.jpg",1000,508,true],"cheerup-slider-alt":["https:\/\/www.familinparis.fr\/wp-content\/uploads\/Spectacles\/concert-sh_770907337-1000x508.jpg",1000,508,true],"cheerup-slider-trendy":["https:\/\/www.familinparis.fr\/wp-content\/uploads\/Spectacles\/concert-sh_770907337-960x508.jpg",960,508,true],"cheerup-slider-stylish":["https:\/\/www.familinparis.fr\/wp-content\/uploads\/Spectacles\/concert-sh_770907337-900x515.jpg",900,515,true],"cheerup-slider-grid":["https:\/\/www.familinparis.fr\/wp-content\/uploads\/Spectacles\/concert-sh_770907337-870x600.jpg",870,600,true],"cheerup-slider-grid-sm":["https:\/\/www.familinparis.fr\/wp-content\/uploads\/Spectacles\/concert-sh_770907337-300x300.jpg",300,300,true],"cheerup-slider-carousel":["https:\/\/www.familinparis.fr\/wp-content\/uploads\/Spectacles\/concert-sh_770907337-370x370.jpg",370,370,true],"cheerup-slider-grid-b":["https:\/\/www.familinparis.fr\/wp-content\/uploads\/Spectacles\/concert-sh_770907337-554x466.jpg",554,466,true],"cheerup-slider-grid-b-sm":["https:\/\/www.familinparis.fr\/wp-content\/uploads\/Spectacles\/concert-sh_770907337-306x466.jpg",306,466,true],"cheerup-slider-bold-sm":["https:\/\/www.familinparis.fr\/wp-content\/uploads\/Spectacles\/concert-sh_770907337-150x150.jpg",150,150,true],"cheerup-grid":["https:\/\/www.familinparis.fr\/wp-content\/uploads\/Spectacles\/concert-sh_770907337-370x285.jpg",370,285,true],"cheerup-carousel":["https:\/\/www.familinparis.fr\/wp-content\/uploads\/Spectacles\/concert-sh_770907337-270x180.jpg",270,180,true],"cheerup-carousel-b":["https:\/\/www.familinparis.fr\/wp-content\/uploads\/Spectacles\/concert-sh_770907337-370x285.jpg",370,285,true],"cheerup-list":["https:\/\/www.familinparis.fr\/wp-content\/uploads\/Spectacles\/concert-sh_770907337-260x200.jpg",260,200,true],"cheerup-list-b":["https:\/\/www.familinparis.fr\/wp-content\/uploads\/Spectacles\/concert-sh_770907337-370x305.jpg",370,305,true],"cheerup-thumb":["https:\/\/www.familinparis.fr\/wp-content\/uploads\/Spectacles\/concert-sh_770907337-87x67.jpg",87,67,true],"cheerup-thumb-alt":["https:\/\/www.familinparis.fr\/wp-content\/uploads\/Spectacles\/concert-sh_770907337-150x150.jpg",150,150,true]},"uagb_author_info":{"display_name":"Agn\u00e8s","author_link":"https:\/\/www.familinparis.fr\/en\/author\/agnes\/"},"uagb_comment_info":0,"uagb_excerpt":"To introduce instruments, great French and foreign composers, major works of the classical repertoire or jazz to children and even toddlers. To give children a taste for music and the desire to push open the doors of classical or jazz concert halls later on. Concerts for young audiences in Paris: a musical adventure to enjoy","_links":{"self":[{"href":"https:\/\/www.familinparis.fr\/en\/wp-json\/wp\/v2\/posts\/133718","targetHints":{"allow":["GET"]}}],"collection":[{"href":"https:\/\/www.familinparis.fr\/en\/wp-json\/wp\/v2\/posts"}],"about":[{"href":"https:\/\/www.familinparis.fr\/en\/wp-json\/wp\/v2\/types\/post"}],"author":[{"embeddable":true,"href":"https:\/\/www.familinparis.fr\/en\/wp-json\/wp\/v2\/users\/6"}],"replies":[{"embeddable":true,"href":"https:\/\/www.familinparis.fr\/en\/wp-json\/wp\/v2\/comments?post=133718"}],"version-history":[{"count":0,"href":"https:\/\/www.familinparis.fr\/en\/wp-json\/wp\/v2\/posts\/133718\/revisions"}],"wp:featuredmedia":[{"embeddable":true,"href":"https:\/\/www.familinparis.fr\/en\/wp-json\/wp\/v2\/media\/131456"}],"wp:attachment":[{"href":"https:\/\/www.familinparis.fr\/en\/wp-json\/wp\/v2\/media?parent=133718"}],"wp:term":[{"taxonomy":"category","embeddable":true,"href":"https:\/\/www.familinparis.fr\/en\/wp-json\/wp\/v2\/categories?post=133718"},{"taxonomy":"post_tag","embeddable":true,"href":"https:\/\/www.familinparis.fr\/en\/wp-json\/wp\/v2\/tags?post=133718"}],"curies":[{"name":"wp","href":"https:\/\/api.w.org\/{rel}","templated":true}]}}